{"id":332752,"date":"2024-05-28T21:36:18","date_gmt":"2024-05-28T21:36:18","guid":{"rendered":"https:\/\/diariodelpais.com\/paiselectoral\/?p=332752"},"modified":"2024-05-28T21:36:19","modified_gmt":"2024-05-28T21:36:19","slug":"augusto-velazquez-nuevo-senador-de-la-provincia-pedernales","status":"publish","type":"post","link":"https:\/\/diariodelpais.com\/paiselectoral\/augusto-velazquez-nuevo-senador-de-la-provincia-pedernales\/","title":{"rendered":"Augusto Vel\u00e1zquez nuevo senador de la provincia Pedernales"},"content":{"rendered":"\n<p><strong>Pedernales. <\/strong>&#8211; <strong>Secundino Augusto Vel\u00e1zquez,<\/strong> del <strong>Partido Revolucionario Moderno (PRM)<\/strong> gan\u00f3 la senadur\u00eda por la provincia Pedernales con un 61.00% representada por el senador\u00a0<strong>Dionis S\u00e1nchez<\/strong>, por el partido <strong>Fuerza del Pueblo<\/strong>, quien consigui\u00f3 un 38.59%.<\/p>\n\n\n\n<p><strong>Te puede interesar: <a href=\"https:\/\/diariodelpais.com\/paiselectoral\/conoce-a-los-candidatos-a-senador-por-la-provincia-pedernales\/\">https:\/\/diariodelpais.com\/paiselectoral\/conoce-a-los-candidatos-a-senador-por-la-provincia-pedernales\/<\/a><\/strong><\/p>\n\n\n\n<p>El ingeniero <strong>Augusto Vel\u00e1zquez<\/strong> compiti\u00f3 por la misma posici\u00f3n en el 2020 pero fue derrotado por el actual senador,<strong> Dionis S\u00e1nchez.\u00a0<\/strong><\/p>\n\n\n\n<p>Su objetivo central es luchar para que las empresas que se establezcan en la frontera sean beneficiadas con la <strong>Ley 28-01 <\/strong>que permite dejar libre de impuestos las inversiones que en la demarcaci\u00f3n se ubiquen, en condiciones de que esas <strong>inversiones permanezcan en la zona.<\/strong><\/p>\n","protected":false},"excerpt":{"rendered":"<p>El ingeniero Augusto Vel\u00e1zquez compiti\u00f3 por la misma posici\u00f3n en el 2020 pero fue derrotado por el actual senador, Dionis S\u00e1nchez<\/p>\n","protected":false},"author":6,"featured_media":332753,"comment_status":"open","ping_status":"open","sticky":false,"template":"","format":"standard","meta":{"_acf_changed":false,"footnotes":""},"categories":[4],"tags":[],"provincia":[],"class_list":["post-332752","post","type-post","status-publish","format-standard","has-post-thumbnail","hentry","category-elecciones-congresuales"],"acf":[],"yoast_head":"<!-- This site is optimized with the Yoast SEO Premium plugin v20.7 (Yoast SEO v27.4) - https:\/\/yoast.com\/product\/yoast-seo-premium-wordpress\/ -->\n<title>Augusto Vel\u00e1zquez nuevo senador de la provincia Pedernales<\/title>\n<meta name=\"description\" content=\"Augusto Vel\u00e1zquez, del Partido Revolucionario Moderno (PRM) gan\u00f3 la senadur\u00eda por la provincia Pedernales con un 61.00%\" \/>\n<meta name=\"robots\" content=\"index, follow, max-snippet:-1, max-image-preview:large, max-video-preview:-1\" \/>\n<link rel=\"canonical\" href=\"https:\/\/diariodelpais.com\/paiselectoral\/augusto-velazquez-nuevo-senador-de-la-provincia-pedernales\/\" \/>\n<meta property=\"og:locale\" content=\"es_ES\" \/>\n<meta property=\"og:type\" content=\"article\" \/>\n<meta property=\"og:title\" content=\"Augusto Vel\u00e1zquez nuevo senador de la provincia Pedernales\" \/>\n<meta property=\"og:description\" content=\"Augusto Vel\u00e1zquez, del Partido Revolucionario Moderno (PRM) gan\u00f3 la senadur\u00eda por la provincia Pedernales con un 61.00%\" \/>\n<meta property=\"og:url\" content=\"https:\/\/diariodelpais.com\/paiselectoral\/augusto-velazquez-nuevo-senador-de-la-provincia-pedernales\/\" \/>\n<meta property=\"og:site_name\" content=\"Pa&iacute;s Electoral\" \/>\n<meta property=\"article:publisher\" content=\"https:\/\/www.facebook.com\/DiariodelPaisrd\" \/>\n<meta property=\"article:published_time\" content=\"2024-05-28T21:36:18+00:00\" \/>\n<meta property=\"article:modified_time\" content=\"2024-05-28T21:36:19+00:00\" \/>\n<meta property=\"og:image\" content=\"https:\/\/diariodelpais.com\/paiselectoral\/wp-content\/uploads\/2024\/05\/WhatsApp-Image-2024-05-22-at-5.43.49-PM-9.jpeg\" \/>\n\t<meta property=\"og:image:width\" content=\"1200\" \/>\n\t<meta property=\"og:image:height\" content=\"900\" \/>\n\t<meta property=\"og:image:type\" content=\"image\/jpeg\" \/>\n<meta name=\"author\" content=\"ebf\" \/>\n<meta name=\"twitter:card\" content=\"summary_large_image\" \/>\n<meta name=\"twitter:creator\" content=\"@elpaiselectoral\" \/>\n<meta name=\"twitter:site\" content=\"@elpaiselectoral\" \/>\n<meta name=\"twitter:label1\" content=\"Escrito por\" \/>\n\t<meta name=\"twitter:data1\" content=\"ebf\" \/>\n\t<meta name=\"twitter:label2\" content=\"Tiempo de lectura\" \/>\n\t<meta name=\"twitter:data2\" content=\"1 minuto\" \/>\n<script type=\"application\/ld+json\" class=\"yoast-schema-graph\">{\"@context\":\"https:\\\/\\\/schema.org\",\"@graph\":[{\"@type\":\"Article\",\"@id\":\"https:\\\/\\\/diariodelpais.com\\\/paiselectoral\\\/augusto-velazquez-nuevo-senador-de-la-provincia-pedernales\\\/#article\",\"isPartOf\":{\"@id\":\"https:\\\/\\\/diariodelpais.com\\\/paiselectoral\\\/augusto-velazquez-nuevo-senador-de-la-provincia-pedernales\\\/\"},\"author\":{\"name\":\"ebf\",\"@id\":\"https:\\\/\\\/diariodelpais.com\\\/paiselectoral\\\/#\\\/schema\\\/person\\\/d5e2058a0505c0b4cbb4c24433743608\"},\"headline\":\"Augusto Vel\u00e1zquez nuevo senador de la provincia Pedernales\",\"datePublished\":\"2024-05-28T21:36:18+00:00\",\"dateModified\":\"2024-05-28T21:36:19+00:00\",\"mainEntityOfPage\":{\"@id\":\"https:\\\/\\\/diariodelpais.com\\\/paiselectoral\\\/augusto-velazquez-nuevo-senador-de-la-provincia-pedernales\\\/\"},\"wordCount\":123,\"commentCount\":0,\"publisher\":{\"@id\":\"https:\\\/\\\/diariodelpais.com\\\/paiselectoral\\\/#organization\"},\"image\":{\"@id\":\"https:\\\/\\\/diariodelpais.com\\\/paiselectoral\\\/augusto-velazquez-nuevo-senador-de-la-provincia-pedernales\\\/#primaryimage\"},\"thumbnailUrl\":\"https:\\\/\\\/diariodelpais.com\\\/paiselectoral\\\/wp-content\\\/uploads\\\/2024\\\/05\\\/WhatsApp-Image-2024-05-22-at-5.43.49-PM-9.jpeg\",\"articleSection\":[\"Elecciones Congresuales\"],\"inLanguage\":\"es\",\"potentialAction\":[{\"@type\":\"CommentAction\",\"name\":\"Comment\",\"target\":[\"https:\\\/\\\/diariodelpais.com\\\/paiselectoral\\\/augusto-velazquez-nuevo-senador-de-la-provincia-pedernales\\\/#respond\"]}],\"copyrightYear\":\"2024\",\"copyrightHolder\":{\"@id\":\"https:\\\/\\\/diariodelpais.com\\\/paiselectoral\\\/#organization\"}},{\"@type\":\"WebPage\",\"@id\":\"https:\\\/\\\/diariodelpais.com\\\/paiselectoral\\\/augusto-velazquez-nuevo-senador-de-la-provincia-pedernales\\\/\",\"url\":\"https:\\\/\\\/diariodelpais.com\\\/paiselectoral\\\/augusto-velazquez-nuevo-senador-de-la-provincia-pedernales\\\/\",\"name\":\"Augusto Vel\u00e1zquez nuevo senador de la provincia Pedernales\",\"isPartOf\":{\"@id\":\"https:\\\/\\\/diariodelpais.com\\\/paiselectoral\\\/#website\"},\"primaryImageOfPage\":{\"@id\":\"https:\\\/\\\/diariodelpais.com\\\/paiselectoral\\\/augusto-velazquez-nuevo-senador-de-la-provincia-pedernales\\\/#primaryimage\"},\"image\":{\"@id\":\"https:\\\/\\\/diariodelpais.com\\\/paiselectoral\\\/augusto-velazquez-nuevo-senador-de-la-provincia-pedernales\\\/#primaryimage\"},\"thumbnailUrl\":\"https:\\\/\\\/diariodelpais.com\\\/paiselectoral\\\/wp-content\\\/uploads\\\/2024\\\/05\\\/WhatsApp-Image-2024-05-22-at-5.43.49-PM-9.jpeg\",\"datePublished\":\"2024-05-28T21:36:18+00:00\",\"dateModified\":\"2024-05-28T21:36:19+00:00\",\"description\":\"Augusto Vel\u00e1zquez, del Partido Revolucionario Moderno (PRM) gan\u00f3 la senadur\u00eda por la provincia Pedernales con un 61.00%\",\"breadcrumb\":{\"@id\":\"https:\\\/\\\/diariodelpais.com\\\/paiselectoral\\\/augusto-velazquez-nuevo-senador-de-la-provincia-pedernales\\\/#breadcrumb\"},\"inLanguage\":\"es\",\"potentialAction\":[{\"@type\":\"ReadAction\",\"target\":[\"https:\\\/\\\/diariodelpais.com\\\/paiselectoral\\\/augusto-velazquez-nuevo-senador-de-la-provincia-pedernales\\\/\"]}]},{\"@type\":\"ImageObject\",\"inLanguage\":\"es\",\"@id\":\"https:\\\/\\\/diariodelpais.com\\\/paiselectoral\\\/augusto-velazquez-nuevo-senador-de-la-provincia-pedernales\\\/#primaryimage\",\"url\":\"https:\\\/\\\/diariodelpais.com\\\/paiselectoral\\\/wp-content\\\/uploads\\\/2024\\\/05\\\/WhatsApp-Image-2024-05-22-at-5.43.49-PM-9.jpeg\",\"contentUrl\":\"https:\\\/\\\/diariodelpais.com\\\/paiselectoral\\\/wp-content\\\/uploads\\\/2024\\\/05\\\/WhatsApp-Image-2024-05-22-at-5.43.49-PM-9.jpeg\",\"width\":1200,\"height\":900,\"caption\":\"Pedernales\"},{\"@type\":\"BreadcrumbList\",\"@id\":\"https:\\\/\\\/diariodelpais.com\\\/paiselectoral\\\/augusto-velazquez-nuevo-senador-de-la-provincia-pedernales\\\/#breadcrumb\",\"itemListElement\":[{\"@type\":\"ListItem\",\"position\":1,\"name\":\"Portada\",\"item\":\"https:\\\/\\\/diariodelpais.com\\\/paiselectoral\\\/\"},{\"@type\":\"ListItem\",\"position\":2,\"name\":\"Augusto Vel\u00e1zquez nuevo senador de la provincia Pedernales\"}]},{\"@type\":\"WebSite\",\"@id\":\"https:\\\/\\\/diariodelpais.com\\\/paiselectoral\\\/#website\",\"url\":\"https:\\\/\\\/diariodelpais.com\\\/paiselectoral\\\/\",\"name\":\"Pa\u00eds Electoral - Diario Del Pa\u00eds\",\"description\":\"Procesos electorales de la Rep. Dominicana\",\"publisher\":{\"@id\":\"https:\\\/\\\/diariodelpais.com\\\/paiselectoral\\\/#organization\"},\"alternateName\":\"Pa\u00eds Electoral\",\"potentialAction\":[{\"@type\":\"SearchAction\",\"target\":{\"@type\":\"EntryPoint\",\"urlTemplate\":\"https:\\\/\\\/diariodelpais.com\\\/paiselectoral\\\/?s={search_term_string}\"},\"query-input\":{\"@type\":\"PropertyValueSpecification\",\"valueRequired\":true,\"valueName\":\"search_term_string\"}}],\"inLanguage\":\"es\"},{\"@type\":[\"Organization\",\"Place\"],\"@id\":\"https:\\\/\\\/diariodelpais.com\\\/paiselectoral\\\/#organization\",\"name\":\"Diario Del Pa\u00eds\",\"url\":\"https:\\\/\\\/diariodelpais.com\\\/paiselectoral\\\/\",\"logo\":{\"@id\":\"https:\\\/\\\/diariodelpais.com\\\/paiselectoral\\\/augusto-velazquez-nuevo-senador-de-la-provincia-pedernales\\\/#local-main-organization-logo\"},\"image\":{\"@id\":\"https:\\\/\\\/diariodelpais.com\\\/paiselectoral\\\/augusto-velazquez-nuevo-senador-de-la-provincia-pedernales\\\/#local-main-organization-logo\"},\"sameAs\":[\"https:\\\/\\\/www.facebook.com\\\/DiariodelPaisrd\",\"https:\\\/\\\/x.com\\\/elpaiselectoral\",\"https:\\\/\\\/www.instagram.com\\\/diariodelpaisrd\\\/\"],\"openingHoursSpecification\":[{\"@type\":\"OpeningHoursSpecification\",\"dayOfWeek\":[\"Monday\",\"Tuesday\",\"Wednesday\",\"Thursday\",\"Friday\",\"Saturday\",\"Sunday\"],\"opens\":\"09:00\",\"closes\":\"17:00\"}]},{\"@type\":\"Person\",\"@id\":\"https:\\\/\\\/diariodelpais.com\\\/paiselectoral\\\/#\\\/schema\\\/person\\\/d5e2058a0505c0b4cbb4c24433743608\",\"name\":\"ebf\",\"image\":{\"@type\":\"ImageObject\",\"inLanguage\":\"es\",\"@id\":\"https:\\\/\\\/secure.gravatar.com\\\/avatar\\\/89520bd4b9ad7c51a188b00beed209072a599896aa39bb1997521d63b5f2e04f?s=96&d=mm&r=g\",\"url\":\"https:\\\/\\\/secure.gravatar.com\\\/avatar\\\/89520bd4b9ad7c51a188b00beed209072a599896aa39bb1997521d63b5f2e04f?s=96&d=mm&r=g\",\"contentUrl\":\"https:\\\/\\\/secure.gravatar.com\\\/avatar\\\/89520bd4b9ad7c51a188b00beed209072a599896aa39bb1997521d63b5f2e04f?s=96&d=mm&r=g\",\"caption\":\"ebf\"},\"url\":\"https:\\\/\\\/diariodelpais.com\\\/paiselectoral\\\/author\\\/ebf\\\/\"},{\"@type\":\"ImageObject\",\"inLanguage\":\"es\",\"@id\":\"https:\\\/\\\/diariodelpais.com\\\/paiselectoral\\\/augusto-velazquez-nuevo-senador-de-la-provincia-pedernales\\\/#local-main-organization-logo\",\"url\":\"https:\\\/\\\/diariodelpais.com\\\/paiselectoral\\\/wp-content\\\/uploads\\\/2023\\\/07\\\/Pais-electoral.svg\",\"contentUrl\":\"https:\\\/\\\/diariodelpais.com\\\/paiselectoral\\\/wp-content\\\/uploads\\\/2023\\\/07\\\/Pais-electoral.svg\",\"caption\":\"Diario Del Pa\u00eds\"}]}<\/script>\n<!-- \/ Yoast SEO Premium plugin. -->","yoast_head_json":{"title":"Augusto Vel\u00e1zquez nuevo senador de la provincia Pedernales","description":"Augusto Vel\u00e1zquez, del Partido Revolucionario Moderno (PRM) gan\u00f3 la senadur\u00eda por la provincia Pedernales con un 61.00%","robots":{"index":"index","follow":"follow","max-snippet":"max-snippet:-1","max-image-preview":"max-image-preview:large","max-video-preview":"max-video-preview:-1"},"canonical":"https:\/\/diariodelpais.com\/paiselectoral\/augusto-velazquez-nuevo-senador-de-la-provincia-pedernales\/","og_locale":"es_ES","og_type":"article","og_title":"Augusto Vel\u00e1zquez nuevo senador de la provincia Pedernales","og_description":"Augusto Vel\u00e1zquez, del Partido Revolucionario Moderno (PRM) gan\u00f3 la senadur\u00eda por la provincia Pedernales con un 61.00%","og_url":"https:\/\/diariodelpais.com\/paiselectoral\/augusto-velazquez-nuevo-senador-de-la-provincia-pedernales\/","og_site_name":"Pa&iacute;s Electoral","article_publisher":"https:\/\/www.facebook.com\/DiariodelPaisrd","article_published_time":"2024-05-28T21:36:18+00:00","article_modified_time":"2024-05-28T21:36:19+00:00","og_image":[{"width":1200,"height":900,"url":"https:\/\/diariodelpais.com\/paiselectoral\/wp-content\/uploads\/2024\/05\/WhatsApp-Image-2024-05-22-at-5.43.49-PM-9.jpeg","type":"image\/jpeg"}],"author":"ebf","twitter_card":"summary_large_image","twitter_creator":"@elpaiselectoral","twitter_site":"@elpaiselectoral","twitter_misc":{"Escrito por":"ebf","Tiempo de lectura":"1 minuto"},"schema":{"@context":"https:\/\/schema.org","@graph":[{"@type":"Article","@id":"https:\/\/diariodelpais.com\/paiselectoral\/augusto-velazquez-nuevo-senador-de-la-provincia-pedernales\/#article","isPartOf":{"@id":"https:\/\/diariodelpais.com\/paiselectoral\/augusto-velazquez-nuevo-senador-de-la-provincia-pedernales\/"},"author":{"name":"ebf","@id":"https:\/\/diariodelpais.com\/paiselectoral\/#\/schema\/person\/d5e2058a0505c0b4cbb4c24433743608"},"headline":"Augusto Vel\u00e1zquez nuevo senador de la provincia Pedernales","datePublished":"2024-05-28T21:36:18+00:00","dateModified":"2024-05-28T21:36:19+00:00","mainEntityOfPage":{"@id":"https:\/\/diariodelpais.com\/paiselectoral\/augusto-velazquez-nuevo-senador-de-la-provincia-pedernales\/"},"wordCount":123,"commentCount":0,"publisher":{"@id":"https:\/\/diariodelpais.com\/paiselectoral\/#organization"},"image":{"@id":"https:\/\/diariodelpais.com\/paiselectoral\/augusto-velazquez-nuevo-senador-de-la-provincia-pedernales\/#primaryimage"},"thumbnailUrl":"https:\/\/diariodelpais.com\/paiselectoral\/wp-content\/uploads\/2024\/05\/WhatsApp-Image-2024-05-22-at-5.43.49-PM-9.jpeg","articleSection":["Elecciones Congresuales"],"inLanguage":"es","potentialAction":[{"@type":"CommentAction","name":"Comment","target":["https:\/\/diariodelpais.com\/paiselectoral\/augusto-velazquez-nuevo-senador-de-la-provincia-pedernales\/#respond"]}],"copyrightYear":"2024","copyrightHolder":{"@id":"https:\/\/diariodelpais.com\/paiselectoral\/#organization"}},{"@type":"WebPage","@id":"https:\/\/diariodelpais.com\/paiselectoral\/augusto-velazquez-nuevo-senador-de-la-provincia-pedernales\/","url":"https:\/\/diariodelpais.com\/paiselectoral\/augusto-velazquez-nuevo-senador-de-la-provincia-pedernales\/","name":"Augusto Vel\u00e1zquez nuevo senador de la provincia Pedernales","isPartOf":{"@id":"https:\/\/diariodelpais.com\/paiselectoral\/#website"},"primaryImageOfPage":{"@id":"https:\/\/diariodelpais.com\/paiselectoral\/augusto-velazquez-nuevo-senador-de-la-provincia-pedernales\/#primaryimage"},"image":{"@id":"https:\/\/diariodelpais.com\/paiselectoral\/augusto-velazquez-nuevo-senador-de-la-provincia-pedernales\/#primaryimage"},"thumbnailUrl":"https:\/\/diariodelpais.com\/paiselectoral\/wp-content\/uploads\/2024\/05\/WhatsApp-Image-2024-05-22-at-5.43.49-PM-9.jpeg","datePublished":"2024-05-28T21:36:18+00:00","dateModified":"2024-05-28T21:36:19+00:00","description":"Augusto Vel\u00e1zquez, del Partido Revolucionario Moderno (PRM) gan\u00f3 la senadur\u00eda por la provincia Pedernales con un 61.00%","breadcrumb":{"@id":"https:\/\/diariodelpais.com\/paiselectoral\/augusto-velazquez-nuevo-senador-de-la-provincia-pedernales\/#breadcrumb"},"inLanguage":"es","potentialAction":[{"@type":"ReadAction","target":["https:\/\/diariodelpais.com\/paiselectoral\/augusto-velazquez-nuevo-senador-de-la-provincia-pedernales\/"]}]},{"@type":"ImageObject","inLanguage":"es","@id":"https:\/\/diariodelpais.com\/paiselectoral\/augusto-velazquez-nuevo-senador-de-la-provincia-pedernales\/#primaryimage","url":"https:\/\/diariodelpais.com\/paiselectoral\/wp-content\/uploads\/2024\/05\/WhatsApp-Image-2024-05-22-at-5.43.49-PM-9.jpeg","contentUrl":"https:\/\/diariodelpais.com\/paiselectoral\/wp-content\/uploads\/2024\/05\/WhatsApp-Image-2024-05-22-at-5.43.49-PM-9.jpeg","width":1200,"height":900,"caption":"Pedernales"},{"@type":"BreadcrumbList","@id":"https:\/\/diariodelpais.com\/paiselectoral\/augusto-velazquez-nuevo-senador-de-la-provincia-pedernales\/#breadcrumb","itemListElement":[{"@type":"ListItem","position":1,"name":"Portada","item":"https:\/\/diariodelpais.com\/paiselectoral\/"},{"@type":"ListItem","position":2,"name":"Augusto Vel\u00e1zquez nuevo senador de la provincia Pedernales"}]},{"@type":"WebSite","@id":"https:\/\/diariodelpais.com\/paiselectoral\/#website","url":"https:\/\/diariodelpais.com\/paiselectoral\/","name":"Pa\u00eds Electoral - Diario Del Pa\u00eds","description":"Procesos electorales de la Rep. Dominicana","publisher":{"@id":"https:\/\/diariodelpais.com\/paiselectoral\/#organization"},"alternateName":"Pa\u00eds Electoral","potentialAction":[{"@type":"SearchAction","target":{"@type":"EntryPoint","urlTemplate":"https:\/\/diariodelpais.com\/paiselectoral\/?s={search_term_string}"},"query-input":{"@type":"PropertyValueSpecification","valueRequired":true,"valueName":"search_term_string"}}],"inLanguage":"es"},{"@type":["Organization","Place"],"@id":"https:\/\/diariodelpais.com\/paiselectoral\/#organization","name":"Diario Del Pa\u00eds","url":"https:\/\/diariodelpais.com\/paiselectoral\/","logo":{"@id":"https:\/\/diariodelpais.com\/paiselectoral\/augusto-velazquez-nuevo-senador-de-la-provincia-pedernales\/#local-main-organization-logo"},"image":{"@id":"https:\/\/diariodelpais.com\/paiselectoral\/augusto-velazquez-nuevo-senador-de-la-provincia-pedernales\/#local-main-organization-logo"},"sameAs":["https:\/\/www.facebook.com\/DiariodelPaisrd","https:\/\/x.com\/elpaiselectoral","https:\/\/www.instagram.com\/diariodelpaisrd\/"],"openingHoursSpecification":[{"@type":"OpeningHoursSpecification","dayOfWeek":["Monday","Tuesday","Wednesday","Thursday","Friday","Saturday","Sunday"],"opens":"09:00","closes":"17:00"}]},{"@type":"Person","@id":"https:\/\/diariodelpais.com\/paiselectoral\/#\/schema\/person\/d5e2058a0505c0b4cbb4c24433743608","name":"ebf","image":{"@type":"ImageObject","inLanguage":"es","@id":"https:\/\/secure.gravatar.com\/avatar\/89520bd4b9ad7c51a188b00beed209072a599896aa39bb1997521d63b5f2e04f?s=96&d=mm&r=g","url":"https:\/\/secure.gravatar.com\/avatar\/89520bd4b9ad7c51a188b00beed209072a599896aa39bb1997521d63b5f2e04f?s=96&d=mm&r=g","contentUrl":"https:\/\/secure.gravatar.com\/avatar\/89520bd4b9ad7c51a188b00beed209072a599896aa39bb1997521d63b5f2e04f?s=96&d=mm&r=g","caption":"ebf"},"url":"https:\/\/diariodelpais.com\/paiselectoral\/author\/ebf\/"},{"@type":"ImageObject","inLanguage":"es","@id":"https:\/\/diariodelpais.com\/paiselectoral\/augusto-velazquez-nuevo-senador-de-la-provincia-pedernales\/#local-main-organization-logo","url":"https:\/\/diariodelpais.com\/paiselectoral\/wp-content\/uploads\/2023\/07\/Pais-electoral.svg","contentUrl":"https:\/\/diariodelpais.com\/paiselectoral\/wp-content\/uploads\/2023\/07\/Pais-electoral.svg","caption":"Diario Del Pa\u00eds"}]}},"_links":{"self":[{"href":"https:\/\/diariodelpais.com\/paiselectoral\/wp-json\/wp\/v2\/posts\/332752","targetHints":{"allow":["GET"]}}],"collection":[{"href":"https:\/\/diariodelpais.com\/paiselectoral\/wp-json\/wp\/v2\/posts"}],"about":[{"href":"https:\/\/diariodelpais.com\/paiselectoral\/wp-json\/wp\/v2\/types\/post"}],"author":[{"embeddable":true,"href":"https:\/\/diariodelpais.com\/paiselectoral\/wp-json\/wp\/v2\/users\/6"}],"replies":[{"embeddable":true,"href":"https:\/\/diariodelpais.com\/paiselectoral\/wp-json\/wp\/v2\/comments?post=332752"}],"version-history":[{"count":1,"href":"https:\/\/diariodelpais.com\/paiselectoral\/wp-json\/wp\/v2\/posts\/332752\/revisions"}],"predecessor-version":[{"id":332754,"href":"https:\/\/diariodelpais.com\/paiselectoral\/wp-json\/wp\/v2\/posts\/332752\/revisions\/332754"}],"wp:featuredmedia":[{"embeddable":true,"href":"https:\/\/diariodelpais.com\/paiselectoral\/wp-json\/wp\/v2\/media\/332753"}],"wp:attachment":[{"href":"https:\/\/diariodelpais.com\/paiselectoral\/wp-json\/wp\/v2\/media?parent=332752"}],"wp:term":[{"taxonomy":"category","embeddable":true,"href":"https:\/\/diariodelpais.com\/paiselectoral\/wp-json\/wp\/v2\/categories?post=332752"},{"taxonomy":"post_tag","embeddable":true,"href":"https:\/\/diariodelpais.com\/paiselectoral\/wp-json\/wp\/v2\/tags?post=332752"},{"taxonomy":"provincia","embeddable":true,"href":"https:\/\/diariodelpais.com\/paiselectoral\/wp-json\/wp\/v2\/provincia?post=332752"}],"curies":[{"name":"wp","href":"https:\/\/api.w.org\/{rel}","templated":true}]}}