{"id":332653,"date":"2024-05-21T04:17:23","date_gmt":"2024-05-21T04:17:23","guid":{"rendered":"https:\/\/diariodelpais.com\/paiselectoral\/?p=332653"},"modified":"2024-05-21T04:17:24","modified_gmt":"2024-05-21T04:17:24","slug":"alexis-victoria-yeb-nuevo-senador-por-maria-trinidad-sanchez","status":"publish","type":"post","link":"https:\/\/diariodelpais.com\/paiselectoral\/alexis-victoria-yeb-nuevo-senador-por-maria-trinidad-sanchez\/","title":{"rendered":"Alexis Victoria Yeb nuevo senador por la provincia Mar\u00eda Trinidad S\u00e1nchez"},"content":{"rendered":"\n<p><strong>El candidato<\/strong>\u00a0del\u00a0<strong>Partido Revolucionario Moderno\u00a0<\/strong>(PRM), <strong>Alexis Victoria Yeb<\/strong>, se convirti\u00f3 en senador por la provincia Mar\u00eda Trinidad S\u00e1nchez, siendo el m\u00e1s votado en estas elecciones congresuales con 75.41%, unos 51,203 votos.<\/p>\n\n\n\n<p>Inici\u00f3 el mundo laboral a los 17 a\u00f1os como auditor en el Banco de Reservas. M\u00e1s tarde estudia administraci\u00f3n de empresas, mientras trabajaba como vendedor de medicamentos.\u00a0<\/p>\n\n\n\n<p>Desde el 2012 lidera la\u00a0<strong>Fundaci\u00f3n Alexis Victoria,<\/strong>\u00a0y en la actualidad es presidente tambi\u00e9n de las empresas \u201cJ. D. Guerrero SRL y Dronena S. A.\u201d.\u00a0<\/p>\n\n\n\n<p><strong>Te puede interesar: <a href=\"https:\/\/diariodelpais.com\/paiselectoral\/conoce-a-los-candidatos-a-senador-por-la-provincia-maria-trinidad-sanchez\/\">https:\/\/diariodelpais.com\/paiselectoral\/conoce-a-los-candidatos-a-senador-por-la-provincia-maria-trinidad-sanchez\/<\/a><\/strong><\/p>\n\n\n\n<p>Es miembro de la<strong>&nbsp;Asociaci\u00f3n de Representantes Agentes y Productos Farmac\u00e9uticos&nbsp;<\/strong>\u00a8ARAPF\u00a8, as\u00ed como tambi\u00e9n de la Asociaci\u00f3n de Empresas Industriales de Herrera \u00a8AEIH\u00a8.&nbsp;<\/p>\n\n\n\n<p>En el a\u00f1o 2010 se integra activamente en la precandidatura de&nbsp;<strong>Luis Abinader,<\/strong>&nbsp;y luego pasa a apoyar al Ing.&nbsp;<strong>Hip\u00f3lito Mej\u00eda&nbsp;<\/strong>en la candidatura presidencial del 2012.&nbsp;<\/p>\n\n\n\n<p><strong>Victoria Yeb&nbsp;<\/strong>fue parte del&nbsp;<strong>proyecto de fundaci\u00f3n del Partido Revolucionario Mayoritario<\/strong>, m\u00e1s tarde convertido en Partido Revolucionario Moderno (PRM) en el 2014. Desde entonces, es un miembro activo y colaborador en los trabajos organizativos del PRM.&nbsp;<\/p>\n\n\n\n<p>Postulado por el<strong>&nbsp;Partido Revolucionario Moderno (PRM)&nbsp;<\/strong>y aliados,&nbsp;<strong>Alexis Victoria Yeb<\/strong>&nbsp;es electo Senador de la Rep\u00fablica por la provincia&nbsp;<strong>Mar\u00eda Trinidad S\u00e1nchez&nbsp;<\/strong>para el per\u00edodo 2020-2024.<\/p>\n","protected":false},"excerpt":{"rendered":"<p>Inici\u00f3 el mundo laboral a los 17 a\u00f1os como auditor en el Banco de Reservas. M\u00e1s tarde estudia administraci\u00f3n de empresas, mientras trabajaba como vendedor de medicamentos<\/p>\n","protected":false},"author":6,"featured_media":332654,"comment_status":"open","ping_status":"open","sticky":false,"template":"","format":"standard","meta":{"_acf_changed":false,"footnotes":""},"categories":[4],"tags":[],"provincia":[],"class_list":["post-332653","post","type-post","status-publish","format-standard","has-post-thumbnail","hentry","category-elecciones-congresuales"],"acf":[],"yoast_head":"<!-- This site is optimized with the Yoast SEO Premium plugin v20.7 (Yoast SEO v27.5) - https:\/\/yoast.com\/product\/yoast-seo-premium-wordpress\/ -->\n<title>Alexis Victoria Yeb nuevo senador por Mar\u00eda Trinidad S\u00e1nchez<\/title>\n<meta name=\"description\" content=\"Senador por la provincia Mar\u00eda Trinidad S\u00e1nchez, siendo el m\u00e1s votado en estas elecciones congresuales con 75.41%, unos 51,203 votos\" \/>\n<meta name=\"robots\" content=\"index, follow, max-snippet:-1, max-image-preview:large, max-video-preview:-1\" \/>\n<link rel=\"canonical\" href=\"https:\/\/diariodelpais.com\/paiselectoral\/alexis-victoria-yeb-nuevo-senador-por-maria-trinidad-sanchez\/\" \/>\n<meta property=\"og:locale\" content=\"es_ES\" \/>\n<meta property=\"og:type\" content=\"article\" \/>\n<meta property=\"og:title\" content=\"Alexis Victoria Yeb nuevo senador por la provincia Mar\u00eda Trinidad S\u00e1nchez\" \/>\n<meta property=\"og:description\" content=\"Senador por la provincia Mar\u00eda Trinidad S\u00e1nchez, siendo el m\u00e1s votado en estas elecciones congresuales con 75.41%, unos 51,203 votos\" \/>\n<meta property=\"og:url\" content=\"https:\/\/diariodelpais.com\/paiselectoral\/alexis-victoria-yeb-nuevo-senador-por-maria-trinidad-sanchez\/\" \/>\n<meta property=\"og:site_name\" content=\"Pa&iacute;s Electoral\" \/>\n<meta property=\"article:publisher\" content=\"https:\/\/www.facebook.com\/DiariodelPaisrd\" \/>\n<meta property=\"article:published_time\" content=\"2024-05-21T04:17:23+00:00\" \/>\n<meta property=\"article:modified_time\" content=\"2024-05-21T04:17:24+00:00\" \/>\n<meta property=\"og:image\" content=\"https:\/\/diariodelpais.com\/paiselectoral\/wp-content\/uploads\/2024\/05\/WhatsApp-Image-2024-05-20-at-5.38.38-PM-3-1.jpeg\" \/>\n\t<meta property=\"og:image:width\" content=\"1200\" \/>\n\t<meta property=\"og:image:height\" content=\"900\" \/>\n\t<meta property=\"og:image:type\" content=\"image\/jpeg\" \/>\n<meta name=\"author\" content=\"ebf\" \/>\n<meta name=\"twitter:card\" content=\"summary_large_image\" \/>\n<meta name=\"twitter:creator\" content=\"@elpaiselectoral\" \/>\n<meta name=\"twitter:site\" content=\"@elpaiselectoral\" \/>\n<meta name=\"twitter:label1\" content=\"Escrito por\" \/>\n\t<meta name=\"twitter:data1\" content=\"ebf\" \/>\n\t<meta name=\"twitter:label2\" content=\"Tiempo de lectura\" \/>\n\t<meta name=\"twitter:data2\" content=\"2 minutos\" \/>\n<script type=\"application\/ld+json\" class=\"yoast-schema-graph\">{\"@context\":\"https:\\\/\\\/schema.org\",\"@graph\":[{\"@type\":\"Article\",\"@id\":\"https:\\\/\\\/diariodelpais.com\\\/paiselectoral\\\/alexis-victoria-yeb-nuevo-senador-por-maria-trinidad-sanchez\\\/#article\",\"isPartOf\":{\"@id\":\"https:\\\/\\\/diariodelpais.com\\\/paiselectoral\\\/alexis-victoria-yeb-nuevo-senador-por-maria-trinidad-sanchez\\\/\"},\"author\":{\"name\":\"ebf\",\"@id\":\"https:\\\/\\\/diariodelpais.com\\\/paiselectoral\\\/#\\\/schema\\\/person\\\/d5e2058a0505c0b4cbb4c24433743608\"},\"headline\":\"Alexis Victoria Yeb nuevo senador por la provincia Mar\u00eda Trinidad S\u00e1nchez\",\"datePublished\":\"2024-05-21T04:17:23+00:00\",\"dateModified\":\"2024-05-21T04:17:24+00:00\",\"mainEntityOfPage\":{\"@id\":\"https:\\\/\\\/diariodelpais.com\\\/paiselectoral\\\/alexis-victoria-yeb-nuevo-senador-por-maria-trinidad-sanchez\\\/\"},\"wordCount\":255,\"commentCount\":0,\"publisher\":{\"@id\":\"https:\\\/\\\/diariodelpais.com\\\/paiselectoral\\\/#organization\"},\"image\":{\"@id\":\"https:\\\/\\\/diariodelpais.com\\\/paiselectoral\\\/alexis-victoria-yeb-nuevo-senador-por-maria-trinidad-sanchez\\\/#primaryimage\"},\"thumbnailUrl\":\"https:\\\/\\\/diariodelpais.com\\\/paiselectoral\\\/wp-content\\\/uploads\\\/2024\\\/05\\\/WhatsApp-Image-2024-05-20-at-5.38.38-PM-3-1.jpeg\",\"articleSection\":[\"Elecciones Congresuales\"],\"inLanguage\":\"es\",\"potentialAction\":[{\"@type\":\"CommentAction\",\"name\":\"Comment\",\"target\":[\"https:\\\/\\\/diariodelpais.com\\\/paiselectoral\\\/alexis-victoria-yeb-nuevo-senador-por-maria-trinidad-sanchez\\\/#respond\"]}],\"copyrightYear\":\"2024\",\"copyrightHolder\":{\"@id\":\"https:\\\/\\\/diariodelpais.com\\\/paiselectoral\\\/#organization\"}},{\"@type\":\"WebPage\",\"@id\":\"https:\\\/\\\/diariodelpais.com\\\/paiselectoral\\\/alexis-victoria-yeb-nuevo-senador-por-maria-trinidad-sanchez\\\/\",\"url\":\"https:\\\/\\\/diariodelpais.com\\\/paiselectoral\\\/alexis-victoria-yeb-nuevo-senador-por-maria-trinidad-sanchez\\\/\",\"name\":\"Alexis Victoria Yeb nuevo senador por Mar\u00eda Trinidad S\u00e1nchez\",\"isPartOf\":{\"@id\":\"https:\\\/\\\/diariodelpais.com\\\/paiselectoral\\\/#website\"},\"primaryImageOfPage\":{\"@id\":\"https:\\\/\\\/diariodelpais.com\\\/paiselectoral\\\/alexis-victoria-yeb-nuevo-senador-por-maria-trinidad-sanchez\\\/#primaryimage\"},\"image\":{\"@id\":\"https:\\\/\\\/diariodelpais.com\\\/paiselectoral\\\/alexis-victoria-yeb-nuevo-senador-por-maria-trinidad-sanchez\\\/#primaryimage\"},\"thumbnailUrl\":\"https:\\\/\\\/diariodelpais.com\\\/paiselectoral\\\/wp-content\\\/uploads\\\/2024\\\/05\\\/WhatsApp-Image-2024-05-20-at-5.38.38-PM-3-1.jpeg\",\"datePublished\":\"2024-05-21T04:17:23+00:00\",\"dateModified\":\"2024-05-21T04:17:24+00:00\",\"description\":\"Senador por la provincia Mar\u00eda Trinidad S\u00e1nchez, siendo el m\u00e1s votado en estas elecciones congresuales con 75.41%, unos 51,203 votos\",\"breadcrumb\":{\"@id\":\"https:\\\/\\\/diariodelpais.com\\\/paiselectoral\\\/alexis-victoria-yeb-nuevo-senador-por-maria-trinidad-sanchez\\\/#breadcrumb\"},\"inLanguage\":\"es\",\"potentialAction\":[{\"@type\":\"ReadAction\",\"target\":[\"https:\\\/\\\/diariodelpais.com\\\/paiselectoral\\\/alexis-victoria-yeb-nuevo-senador-por-maria-trinidad-sanchez\\\/\"]}]},{\"@type\":\"ImageObject\",\"inLanguage\":\"es\",\"@id\":\"https:\\\/\\\/diariodelpais.com\\\/paiselectoral\\\/alexis-victoria-yeb-nuevo-senador-por-maria-trinidad-sanchez\\\/#primaryimage\",\"url\":\"https:\\\/\\\/diariodelpais.com\\\/paiselectoral\\\/wp-content\\\/uploads\\\/2024\\\/05\\\/WhatsApp-Image-2024-05-20-at-5.38.38-PM-3-1.jpeg\",\"contentUrl\":\"https:\\\/\\\/diariodelpais.com\\\/paiselectoral\\\/wp-content\\\/uploads\\\/2024\\\/05\\\/WhatsApp-Image-2024-05-20-at-5.38.38-PM-3-1.jpeg\",\"width\":1200,\"height\":900,\"caption\":\"Mar\u00eda Trinidad S\u00e1nchez\"},{\"@type\":\"BreadcrumbList\",\"@id\":\"https:\\\/\\\/diariodelpais.com\\\/paiselectoral\\\/alexis-victoria-yeb-nuevo-senador-por-maria-trinidad-sanchez\\\/#breadcrumb\",\"itemListElement\":[{\"@type\":\"ListItem\",\"position\":1,\"name\":\"Portada\",\"item\":\"https:\\\/\\\/diariodelpais.com\\\/paiselectoral\\\/\"},{\"@type\":\"ListItem\",\"position\":2,\"name\":\"Alexis Victoria Yeb nuevo senador por la provincia Mar\u00eda Trinidad S\u00e1nchez\"}]},{\"@type\":\"WebSite\",\"@id\":\"https:\\\/\\\/diariodelpais.com\\\/paiselectoral\\\/#website\",\"url\":\"https:\\\/\\\/diariodelpais.com\\\/paiselectoral\\\/\",\"name\":\"Pa\u00eds Electoral - Diario Del Pa\u00eds\",\"description\":\"Procesos electorales de la Rep. Dominicana\",\"publisher\":{\"@id\":\"https:\\\/\\\/diariodelpais.com\\\/paiselectoral\\\/#organization\"},\"alternateName\":\"Pa\u00eds Electoral\",\"potentialAction\":[{\"@type\":\"SearchAction\",\"target\":{\"@type\":\"EntryPoint\",\"urlTemplate\":\"https:\\\/\\\/diariodelpais.com\\\/paiselectoral\\\/?s={search_term_string}\"},\"query-input\":{\"@type\":\"PropertyValueSpecification\",\"valueRequired\":true,\"valueName\":\"search_term_string\"}}],\"inLanguage\":\"es\"},{\"@type\":[\"Organization\",\"Place\"],\"@id\":\"https:\\\/\\\/diariodelpais.com\\\/paiselectoral\\\/#organization\",\"name\":\"Diario Del Pa\u00eds\",\"url\":\"https:\\\/\\\/diariodelpais.com\\\/paiselectoral\\\/\",\"logo\":{\"@id\":\"https:\\\/\\\/diariodelpais.com\\\/paiselectoral\\\/alexis-victoria-yeb-nuevo-senador-por-maria-trinidad-sanchez\\\/#local-main-organization-logo\"},\"image\":{\"@id\":\"https:\\\/\\\/diariodelpais.com\\\/paiselectoral\\\/alexis-victoria-yeb-nuevo-senador-por-maria-trinidad-sanchez\\\/#local-main-organization-logo\"},\"sameAs\":[\"https:\\\/\\\/www.facebook.com\\\/DiariodelPaisrd\",\"https:\\\/\\\/x.com\\\/elpaiselectoral\",\"https:\\\/\\\/www.instagram.com\\\/diariodelpaisrd\\\/\"],\"openingHoursSpecification\":[{\"@type\":\"OpeningHoursSpecification\",\"dayOfWeek\":[\"Monday\",\"Tuesday\",\"Wednesday\",\"Thursday\",\"Friday\",\"Saturday\",\"Sunday\"],\"opens\":\"09:00\",\"closes\":\"17:00\"}]},{\"@type\":\"Person\",\"@id\":\"https:\\\/\\\/diariodelpais.com\\\/paiselectoral\\\/#\\\/schema\\\/person\\\/d5e2058a0505c0b4cbb4c24433743608\",\"name\":\"ebf\",\"image\":{\"@type\":\"ImageObject\",\"inLanguage\":\"es\",\"@id\":\"https:\\\/\\\/secure.gravatar.com\\\/avatar\\\/89520bd4b9ad7c51a188b00beed209072a599896aa39bb1997521d63b5f2e04f?s=96&d=mm&r=g\",\"url\":\"https:\\\/\\\/secure.gravatar.com\\\/avatar\\\/89520bd4b9ad7c51a188b00beed209072a599896aa39bb1997521d63b5f2e04f?s=96&d=mm&r=g\",\"contentUrl\":\"https:\\\/\\\/secure.gravatar.com\\\/avatar\\\/89520bd4b9ad7c51a188b00beed209072a599896aa39bb1997521d63b5f2e04f?s=96&d=mm&r=g\",\"caption\":\"ebf\"},\"url\":\"https:\\\/\\\/diariodelpais.com\\\/paiselectoral\\\/author\\\/ebf\\\/\"},{\"@type\":\"ImageObject\",\"inLanguage\":\"es\",\"@id\":\"https:\\\/\\\/diariodelpais.com\\\/paiselectoral\\\/alexis-victoria-yeb-nuevo-senador-por-maria-trinidad-sanchez\\\/#local-main-organization-logo\",\"url\":\"https:\\\/\\\/diariodelpais.com\\\/paiselectoral\\\/wp-content\\\/uploads\\\/2023\\\/07\\\/Pais-electoral.svg\",\"contentUrl\":\"https:\\\/\\\/diariodelpais.com\\\/paiselectoral\\\/wp-content\\\/uploads\\\/2023\\\/07\\\/Pais-electoral.svg\",\"caption\":\"Diario Del Pa\u00eds\"}]}<\/script>\n<!-- \/ Yoast SEO Premium plugin. -->","yoast_head_json":{"title":"Alexis Victoria Yeb nuevo senador por Mar\u00eda Trinidad S\u00e1nchez","description":"Senador por la provincia Mar\u00eda Trinidad S\u00e1nchez, siendo el m\u00e1s votado en estas elecciones congresuales con 75.41%, unos 51,203 votos","robots":{"index":"index","follow":"follow","max-snippet":"max-snippet:-1","max-image-preview":"max-image-preview:large","max-video-preview":"max-video-preview:-1"},"canonical":"https:\/\/diariodelpais.com\/paiselectoral\/alexis-victoria-yeb-nuevo-senador-por-maria-trinidad-sanchez\/","og_locale":"es_ES","og_type":"article","og_title":"Alexis Victoria Yeb nuevo senador por la provincia Mar\u00eda Trinidad S\u00e1nchez","og_description":"Senador por la provincia Mar\u00eda Trinidad S\u00e1nchez, siendo el m\u00e1s votado en estas elecciones congresuales con 75.41%, unos 51,203 votos","og_url":"https:\/\/diariodelpais.com\/paiselectoral\/alexis-victoria-yeb-nuevo-senador-por-maria-trinidad-sanchez\/","og_site_name":"Pa&iacute;s Electoral","article_publisher":"https:\/\/www.facebook.com\/DiariodelPaisrd","article_published_time":"2024-05-21T04:17:23+00:00","article_modified_time":"2024-05-21T04:17:24+00:00","og_image":[{"width":1200,"height":900,"url":"https:\/\/diariodelpais.com\/paiselectoral\/wp-content\/uploads\/2024\/05\/WhatsApp-Image-2024-05-20-at-5.38.38-PM-3-1.jpeg","type":"image\/jpeg"}],"author":"ebf","twitter_card":"summary_large_image","twitter_creator":"@elpaiselectoral","twitter_site":"@elpaiselectoral","twitter_misc":{"Escrito por":"ebf","Tiempo de lectura":"2 minutos"},"schema":{"@context":"https:\/\/schema.org","@graph":[{"@type":"Article","@id":"https:\/\/diariodelpais.com\/paiselectoral\/alexis-victoria-yeb-nuevo-senador-por-maria-trinidad-sanchez\/#article","isPartOf":{"@id":"https:\/\/diariodelpais.com\/paiselectoral\/alexis-victoria-yeb-nuevo-senador-por-maria-trinidad-sanchez\/"},"author":{"name":"ebf","@id":"https:\/\/diariodelpais.com\/paiselectoral\/#\/schema\/person\/d5e2058a0505c0b4cbb4c24433743608"},"headline":"Alexis Victoria Yeb nuevo senador por la provincia Mar\u00eda Trinidad S\u00e1nchez","datePublished":"2024-05-21T04:17:23+00:00","dateModified":"2024-05-21T04:17:24+00:00","mainEntityOfPage":{"@id":"https:\/\/diariodelpais.com\/paiselectoral\/alexis-victoria-yeb-nuevo-senador-por-maria-trinidad-sanchez\/"},"wordCount":255,"commentCount":0,"publisher":{"@id":"https:\/\/diariodelpais.com\/paiselectoral\/#organization"},"image":{"@id":"https:\/\/diariodelpais.com\/paiselectoral\/alexis-victoria-yeb-nuevo-senador-por-maria-trinidad-sanchez\/#primaryimage"},"thumbnailUrl":"https:\/\/diariodelpais.com\/paiselectoral\/wp-content\/uploads\/2024\/05\/WhatsApp-Image-2024-05-20-at-5.38.38-PM-3-1.jpeg","articleSection":["Elecciones Congresuales"],"inLanguage":"es","potentialAction":[{"@type":"CommentAction","name":"Comment","target":["https:\/\/diariodelpais.com\/paiselectoral\/alexis-victoria-yeb-nuevo-senador-por-maria-trinidad-sanchez\/#respond"]}],"copyrightYear":"2024","copyrightHolder":{"@id":"https:\/\/diariodelpais.com\/paiselectoral\/#organization"}},{"@type":"WebPage","@id":"https:\/\/diariodelpais.com\/paiselectoral\/alexis-victoria-yeb-nuevo-senador-por-maria-trinidad-sanchez\/","url":"https:\/\/diariodelpais.com\/paiselectoral\/alexis-victoria-yeb-nuevo-senador-por-maria-trinidad-sanchez\/","name":"Alexis Victoria Yeb nuevo senador por Mar\u00eda Trinidad S\u00e1nchez","isPartOf":{"@id":"https:\/\/diariodelpais.com\/paiselectoral\/#website"},"primaryImageOfPage":{"@id":"https:\/\/diariodelpais.com\/paiselectoral\/alexis-victoria-yeb-nuevo-senador-por-maria-trinidad-sanchez\/#primaryimage"},"image":{"@id":"https:\/\/diariodelpais.com\/paiselectoral\/alexis-victoria-yeb-nuevo-senador-por-maria-trinidad-sanchez\/#primaryimage"},"thumbnailUrl":"https:\/\/diariodelpais.com\/paiselectoral\/wp-content\/uploads\/2024\/05\/WhatsApp-Image-2024-05-20-at-5.38.38-PM-3-1.jpeg","datePublished":"2024-05-21T04:17:23+00:00","dateModified":"2024-05-21T04:17:24+00:00","description":"Senador por la provincia Mar\u00eda Trinidad S\u00e1nchez, siendo el m\u00e1s votado en estas elecciones congresuales con 75.41%, unos 51,203 votos","breadcrumb":{"@id":"https:\/\/diariodelpais.com\/paiselectoral\/alexis-victoria-yeb-nuevo-senador-por-maria-trinidad-sanchez\/#breadcrumb"},"inLanguage":"es","potentialAction":[{"@type":"ReadAction","target":["https:\/\/diariodelpais.com\/paiselectoral\/alexis-victoria-yeb-nuevo-senador-por-maria-trinidad-sanchez\/"]}]},{"@type":"ImageObject","inLanguage":"es","@id":"https:\/\/diariodelpais.com\/paiselectoral\/alexis-victoria-yeb-nuevo-senador-por-maria-trinidad-sanchez\/#primaryimage","url":"https:\/\/diariodelpais.com\/paiselectoral\/wp-content\/uploads\/2024\/05\/WhatsApp-Image-2024-05-20-at-5.38.38-PM-3-1.jpeg","contentUrl":"https:\/\/diariodelpais.com\/paiselectoral\/wp-content\/uploads\/2024\/05\/WhatsApp-Image-2024-05-20-at-5.38.38-PM-3-1.jpeg","width":1200,"height":900,"caption":"Mar\u00eda Trinidad S\u00e1nchez"},{"@type":"BreadcrumbList","@id":"https:\/\/diariodelpais.com\/paiselectoral\/alexis-victoria-yeb-nuevo-senador-por-maria-trinidad-sanchez\/#breadcrumb","itemListElement":[{"@type":"ListItem","position":1,"name":"Portada","item":"https:\/\/diariodelpais.com\/paiselectoral\/"},{"@type":"ListItem","position":2,"name":"Alexis Victoria Yeb nuevo senador por la provincia Mar\u00eda Trinidad S\u00e1nchez"}]},{"@type":"WebSite","@id":"https:\/\/diariodelpais.com\/paiselectoral\/#website","url":"https:\/\/diariodelpais.com\/paiselectoral\/","name":"Pa\u00eds Electoral - Diario Del Pa\u00eds","description":"Procesos electorales de la Rep. Dominicana","publisher":{"@id":"https:\/\/diariodelpais.com\/paiselectoral\/#organization"},"alternateName":"Pa\u00eds Electoral","potentialAction":[{"@type":"SearchAction","target":{"@type":"EntryPoint","urlTemplate":"https:\/\/diariodelpais.com\/paiselectoral\/?s={search_term_string}"},"query-input":{"@type":"PropertyValueSpecification","valueRequired":true,"valueName":"search_term_string"}}],"inLanguage":"es"},{"@type":["Organization","Place"],"@id":"https:\/\/diariodelpais.com\/paiselectoral\/#organization","name":"Diario Del Pa\u00eds","url":"https:\/\/diariodelpais.com\/paiselectoral\/","logo":{"@id":"https:\/\/diariodelpais.com\/paiselectoral\/alexis-victoria-yeb-nuevo-senador-por-maria-trinidad-sanchez\/#local-main-organization-logo"},"image":{"@id":"https:\/\/diariodelpais.com\/paiselectoral\/alexis-victoria-yeb-nuevo-senador-por-maria-trinidad-sanchez\/#local-main-organization-logo"},"sameAs":["https:\/\/www.facebook.com\/DiariodelPaisrd","https:\/\/x.com\/elpaiselectoral","https:\/\/www.instagram.com\/diariodelpaisrd\/"],"openingHoursSpecification":[{"@type":"OpeningHoursSpecification","dayOfWeek":["Monday","Tuesday","Wednesday","Thursday","Friday","Saturday","Sunday"],"opens":"09:00","closes":"17:00"}]},{"@type":"Person","@id":"https:\/\/diariodelpais.com\/paiselectoral\/#\/schema\/person\/d5e2058a0505c0b4cbb4c24433743608","name":"ebf","image":{"@type":"ImageObject","inLanguage":"es","@id":"https:\/\/secure.gravatar.com\/avatar\/89520bd4b9ad7c51a188b00beed209072a599896aa39bb1997521d63b5f2e04f?s=96&d=mm&r=g","url":"https:\/\/secure.gravatar.com\/avatar\/89520bd4b9ad7c51a188b00beed209072a599896aa39bb1997521d63b5f2e04f?s=96&d=mm&r=g","contentUrl":"https:\/\/secure.gravatar.com\/avatar\/89520bd4b9ad7c51a188b00beed209072a599896aa39bb1997521d63b5f2e04f?s=96&d=mm&r=g","caption":"ebf"},"url":"https:\/\/diariodelpais.com\/paiselectoral\/author\/ebf\/"},{"@type":"ImageObject","inLanguage":"es","@id":"https:\/\/diariodelpais.com\/paiselectoral\/alexis-victoria-yeb-nuevo-senador-por-maria-trinidad-sanchez\/#local-main-organization-logo","url":"https:\/\/diariodelpais.com\/paiselectoral\/wp-content\/uploads\/2023\/07\/Pais-electoral.svg","contentUrl":"https:\/\/diariodelpais.com\/paiselectoral\/wp-content\/uploads\/2023\/07\/Pais-electoral.svg","caption":"Diario Del Pa\u00eds"}]}},"_links":{"self":[{"href":"https:\/\/diariodelpais.com\/paiselectoral\/wp-json\/wp\/v2\/posts\/332653","targetHints":{"allow":["GET"]}}],"collection":[{"href":"https:\/\/diariodelpais.com\/paiselectoral\/wp-json\/wp\/v2\/posts"}],"about":[{"href":"https:\/\/diariodelpais.com\/paiselectoral\/wp-json\/wp\/v2\/types\/post"}],"author":[{"embeddable":true,"href":"https:\/\/diariodelpais.com\/paiselectoral\/wp-json\/wp\/v2\/users\/6"}],"replies":[{"embeddable":true,"href":"https:\/\/diariodelpais.com\/paiselectoral\/wp-json\/wp\/v2\/comments?post=332653"}],"version-history":[{"count":1,"href":"https:\/\/diariodelpais.com\/paiselectoral\/wp-json\/wp\/v2\/posts\/332653\/revisions"}],"predecessor-version":[{"id":332655,"href":"https:\/\/diariodelpais.com\/paiselectoral\/wp-json\/wp\/v2\/posts\/332653\/revisions\/332655"}],"wp:featuredmedia":[{"embeddable":true,"href":"https:\/\/diariodelpais.com\/paiselectoral\/wp-json\/wp\/v2\/media\/332654"}],"wp:attachment":[{"href":"https:\/\/diariodelpais.com\/paiselectoral\/wp-json\/wp\/v2\/media?parent=332653"}],"wp:term":[{"taxonomy":"category","embeddable":true,"href":"https:\/\/diariodelpais.com\/paiselectoral\/wp-json\/wp\/v2\/categories?post=332653"},{"taxonomy":"post_tag","embeddable":true,"href":"https:\/\/diariodelpais.com\/paiselectoral\/wp-json\/wp\/v2\/tags?post=332653"},{"taxonomy":"provincia","embeddable":true,"href":"https:\/\/diariodelpais.com\/paiselectoral\/wp-json\/wp\/v2\/provincia?post=332653"}],"curies":[{"name":"wp","href":"https:\/\/api.w.org\/{rel}","templated":true}]}}