{"id":332154,"date":"2024-04-30T21:08:32","date_gmt":"2024-04-30T21:08:32","guid":{"rendered":"https:\/\/diariodelpais.com\/paiselectoral\/?p=332154"},"modified":"2024-04-30T21:08:33","modified_gmt":"2024-04-30T21:08:33","slug":"conoce-a-los-candidatos-a-senador-por-la-provincia-pedernales","status":"publish","type":"post","link":"https:\/\/diariodelpais.com\/paiselectoral\/conoce-a-los-candidatos-a-senador-por-la-provincia-pedernales\/","title":{"rendered":"Conoce a los candidatos a senador por la provincia Pedernales"},"content":{"rendered":"\n<p><strong>Pedernales. &#8211; <\/strong>Con la proximidad de las\u00a0<strong>elecciones<\/strong>\u00a0presidenciales y congresuales que se celebrar\u00e1n en mayo, un grupo de 23\u00a0<strong><strong>senadores<\/strong><\/strong>, de los 32 que integran la C\u00e1mara Alta, est\u00e1 confirmado para participar en la competencia comicial y lograr su\u00a0<strong>reelecci\u00f3n\u00a0<\/strong>por cuatro a\u00f1os m\u00e1s. entre ellos el aspirante a senador por el partido <strong>Fuerza del Pueblo, Dionis S\u00e1nchez,<\/strong> y <strong>Secundino Vel\u00e1zquez Pimentel por el Partido Revolucionario Moderno<\/strong> (PRM).<\/p>\n\n\n\n<p>Te puede interesar: <a href=\"https:\/\/diariodelpais.com\/paiselectoral\/conoce-a-los-candidatos-a-senador-por-la-provincia-bahoruco\/\">https:\/\/diariodelpais.com\/paiselectoral\/conoce-a-los-candidatos-a-senador-por-la-provincia-bahoruco\/<\/a><\/p>\n\n\n\n<p><strong>Dionis S\u00e1nchez,<\/strong> ha sido electo<strong> senador por la provincia Pedernales<\/strong> consecutivamente para cuatro per\u00edodos: 2006-2010, 2010-2016, 2016-2020 y 2020-2024.<\/p>\n\n\n\n<figure class=\"wp-block-image size-large is-resized\"><img loading=\"lazy\" decoding=\"async\" width=\"1024\" height=\"768\" src=\"https:\/\/diariodelpais.com\/paiselectoral\/wp-content\/uploads\/2024\/04\/Nueva-portada-1200px-x-900px-74-1-1024x768.jpg\" alt=\"\" class=\"wp-image-332156\" style=\"width:498px;height:auto\" srcset=\"https:\/\/diariodelpais.com\/paiselectoral\/wp-content\/uploads\/2024\/04\/Nueva-portada-1200px-x-900px-74-1-1024x768.jpg 1024w, https:\/\/diariodelpais.com\/paiselectoral\/wp-content\/uploads\/2024\/04\/Nueva-portada-1200px-x-900px-74-1-300x225.jpg 300w, https:\/\/diariodelpais.com\/paiselectoral\/wp-content\/uploads\/2024\/04\/Nueva-portada-1200px-x-900px-74-1-768x576.jpg 768w, https:\/\/diariodelpais.com\/paiselectoral\/wp-content\/uploads\/2024\/04\/Nueva-portada-1200px-x-900px-74-1.jpg 1200w\" sizes=\"auto, (max-width: 1024px) 100vw, 1024px\" \/><\/figure>\n\n\n\n<p>En el per\u00edodo 1998-2002, <strong>Dionis Alfonso S\u00e1nchez Carrasco <\/strong>fue electo diputado por la provincia Pedernales, siendo posteriormente designado como <strong>C\u00f3nsul Dominicano en Anse-A-Pitre (Hait\u00ed).<\/strong><\/p>\n\n\n\n<p>Secretario del Bufete Directivo del Senado de la Rep\u00fablica 2007-2010<\/p>\n\n\n\n<p>Senador reelecto para 2010-2016.<\/p>\n\n\n\n<p>Vicepresidente del Senado 2016-2018.<\/p>\n\n\n\n<p>Senador reelecto para el actual per\u00edodo 2020-2024<\/p>\n\n\n\n<p>Por otro lado, <strong>Secundino Vel\u00e1zquez Pimentel<\/strong>, ingeniero y candidato a senador por el <strong>Partido Revolucionario Moderno (PRM)<\/strong><\/p>\n\n\n\n<figure class=\"wp-block-image size-large is-resized\"><img loading=\"lazy\" decoding=\"async\" width=\"1024\" height=\"768\" src=\"https:\/\/diariodelpais.com\/paiselectoral\/wp-content\/uploads\/2024\/04\/Nueva-portada-1200px-x-900px-75-1-1024x768.jpg\" alt=\"\" class=\"wp-image-332157\" style=\"width:505px;height:auto\" srcset=\"https:\/\/diariodelpais.com\/paiselectoral\/wp-content\/uploads\/2024\/04\/Nueva-portada-1200px-x-900px-75-1-1024x768.jpg 1024w, https:\/\/diariodelpais.com\/paiselectoral\/wp-content\/uploads\/2024\/04\/Nueva-portada-1200px-x-900px-75-1-300x225.jpg 300w, https:\/\/diariodelpais.com\/paiselectoral\/wp-content\/uploads\/2024\/04\/Nueva-portada-1200px-x-900px-75-1-768x576.jpg 768w, https:\/\/diariodelpais.com\/paiselectoral\/wp-content\/uploads\/2024\/04\/Nueva-portada-1200px-x-900px-75-1.jpg 1200w\" sizes=\"auto, (max-width: 1024px) 100vw, 1024px\" \/><\/figure>\n","protected":false},"excerpt":{"rendered":"<p>Pedernales. &#8211; Con la proximidad de las\u00a0elecciones\u00a0presidenciales y congresuales que se celebrar\u00e1n en mayo, un grupo de 23\u00a0senadores, de los 32 que integran la C\u00e1mara Alta, est\u00e1 confirmado para participar en la competencia comicial y lograr su\u00a0reelecci\u00f3n\u00a0por cuatro a\u00f1os m\u00e1s. entre ellos el aspirante a senador por el partido Fuerza del Pueblo, Dionis S\u00e1nchez, y Secundino Vel\u00e1zquez Pimentel por el Partido Revolucionario Moderno (PRM). Te puede interesar: https:\/\/diariodelpais.com\/paiselectoral\/conoce-a-los-candidatos-a-senador-por-la-provincia-bahoruco\/ Dionis S\u00e1nchez, [&hellip;]<\/p>\n","protected":false},"author":6,"featured_media":332158,"comment_status":"open","ping_status":"open","sticky":false,"template":"","format":"standard","meta":{"_acf_changed":false,"footnotes":""},"categories":[4],"tags":[],"provincia":[],"class_list":["post-332154","post","type-post","status-publish","format-standard","has-post-thumbnail","hentry","category-elecciones-congresuales"],"acf":[],"yoast_head":"<!-- This site is optimized with the Yoast SEO Premium plugin v20.7 (Yoast SEO v27.4) - https:\/\/yoast.com\/product\/yoast-seo-premium-wordpress\/ -->\n<title>Conoce a los candidatos a senador por la provincia Pedernales<\/title>\n<meta name=\"description\" content=\"Dionis S\u00e1nchez, ha sido electo senador por la provincia Pedernales consecutivamente para cuatro per\u00edodos: 2006-2010\" \/>\n<meta name=\"robots\" content=\"index, follow, max-snippet:-1, max-image-preview:large, max-video-preview:-1\" \/>\n<link rel=\"canonical\" href=\"https:\/\/diariodelpais.com\/paiselectoral\/conoce-a-los-candidatos-a-senador-por-la-provincia-pedernales\/\" \/>\n<meta property=\"og:locale\" content=\"es_ES\" \/>\n<meta property=\"og:type\" content=\"article\" \/>\n<meta property=\"og:title\" content=\"Conoce a los candidatos a senador por la provincia Pedernales\" \/>\n<meta property=\"og:description\" content=\"Dionis S\u00e1nchez, ha sido electo senador por la provincia Pedernales consecutivamente para cuatro per\u00edodos: 2006-2010\" \/>\n<meta property=\"og:url\" content=\"https:\/\/diariodelpais.com\/paiselectoral\/conoce-a-los-candidatos-a-senador-por-la-provincia-pedernales\/\" \/>\n<meta property=\"og:site_name\" content=\"Pa&iacute;s Electoral\" \/>\n<meta property=\"article:publisher\" content=\"https:\/\/www.facebook.com\/DiariodelPaisrd\" \/>\n<meta property=\"article:published_time\" content=\"2024-04-30T21:08:32+00:00\" \/>\n<meta property=\"article:modified_time\" content=\"2024-04-30T21:08:33+00:00\" \/>\n<meta property=\"og:image\" content=\"https:\/\/diariodelpais.com\/paiselectoral\/wp-content\/uploads\/2024\/04\/Nueva-portada-1200px-x-900px-77-1.jpg\" \/>\n\t<meta property=\"og:image:width\" content=\"1200\" \/>\n\t<meta property=\"og:image:height\" content=\"900\" \/>\n\t<meta property=\"og:image:type\" content=\"image\/jpeg\" \/>\n<meta name=\"author\" content=\"ebf\" \/>\n<meta name=\"twitter:card\" content=\"summary_large_image\" \/>\n<meta name=\"twitter:creator\" content=\"@elpaiselectoral\" \/>\n<meta name=\"twitter:site\" content=\"@elpaiselectoral\" \/>\n<meta name=\"twitter:label1\" content=\"Escrito por\" \/>\n\t<meta name=\"twitter:data1\" content=\"ebf\" \/>\n\t<meta name=\"twitter:label2\" content=\"Tiempo de lectura\" \/>\n\t<meta name=\"twitter:data2\" content=\"2 minutos\" \/>\n<script type=\"application\/ld+json\" class=\"yoast-schema-graph\">{\"@context\":\"https:\\\/\\\/schema.org\",\"@graph\":[{\"@type\":\"Article\",\"@id\":\"https:\\\/\\\/diariodelpais.com\\\/paiselectoral\\\/conoce-a-los-candidatos-a-senador-por-la-provincia-pedernales\\\/#article\",\"isPartOf\":{\"@id\":\"https:\\\/\\\/diariodelpais.com\\\/paiselectoral\\\/conoce-a-los-candidatos-a-senador-por-la-provincia-pedernales\\\/\"},\"author\":{\"name\":\"ebf\",\"@id\":\"https:\\\/\\\/diariodelpais.com\\\/paiselectoral\\\/#\\\/schema\\\/person\\\/d5e2058a0505c0b4cbb4c24433743608\"},\"headline\":\"Conoce a los candidatos a senador por la provincia Pedernales\",\"datePublished\":\"2024-04-30T21:08:32+00:00\",\"dateModified\":\"2024-04-30T21:08:33+00:00\",\"mainEntityOfPage\":{\"@id\":\"https:\\\/\\\/diariodelpais.com\\\/paiselectoral\\\/conoce-a-los-candidatos-a-senador-por-la-provincia-pedernales\\\/\"},\"wordCount\":185,\"commentCount\":0,\"publisher\":{\"@id\":\"https:\\\/\\\/diariodelpais.com\\\/paiselectoral\\\/#organization\"},\"image\":{\"@id\":\"https:\\\/\\\/diariodelpais.com\\\/paiselectoral\\\/conoce-a-los-candidatos-a-senador-por-la-provincia-pedernales\\\/#primaryimage\"},\"thumbnailUrl\":\"https:\\\/\\\/diariodelpais.com\\\/paiselectoral\\\/wp-content\\\/uploads\\\/2024\\\/04\\\/Nueva-portada-1200px-x-900px-77-1.jpg\",\"articleSection\":[\"Elecciones Congresuales\"],\"inLanguage\":\"es\",\"potentialAction\":[{\"@type\":\"CommentAction\",\"name\":\"Comment\",\"target\":[\"https:\\\/\\\/diariodelpais.com\\\/paiselectoral\\\/conoce-a-los-candidatos-a-senador-por-la-provincia-pedernales\\\/#respond\"]}],\"copyrightYear\":\"2024\",\"copyrightHolder\":{\"@id\":\"https:\\\/\\\/diariodelpais.com\\\/paiselectoral\\\/#organization\"}},{\"@type\":\"WebPage\",\"@id\":\"https:\\\/\\\/diariodelpais.com\\\/paiselectoral\\\/conoce-a-los-candidatos-a-senador-por-la-provincia-pedernales\\\/\",\"url\":\"https:\\\/\\\/diariodelpais.com\\\/paiselectoral\\\/conoce-a-los-candidatos-a-senador-por-la-provincia-pedernales\\\/\",\"name\":\"Conoce a los candidatos a senador por la provincia Pedernales\",\"isPartOf\":{\"@id\":\"https:\\\/\\\/diariodelpais.com\\\/paiselectoral\\\/#website\"},\"primaryImageOfPage\":{\"@id\":\"https:\\\/\\\/diariodelpais.com\\\/paiselectoral\\\/conoce-a-los-candidatos-a-senador-por-la-provincia-pedernales\\\/#primaryimage\"},\"image\":{\"@id\":\"https:\\\/\\\/diariodelpais.com\\\/paiselectoral\\\/conoce-a-los-candidatos-a-senador-por-la-provincia-pedernales\\\/#primaryimage\"},\"thumbnailUrl\":\"https:\\\/\\\/diariodelpais.com\\\/paiselectoral\\\/wp-content\\\/uploads\\\/2024\\\/04\\\/Nueva-portada-1200px-x-900px-77-1.jpg\",\"datePublished\":\"2024-04-30T21:08:32+00:00\",\"dateModified\":\"2024-04-30T21:08:33+00:00\",\"description\":\"Dionis S\u00e1nchez, ha sido electo senador por la provincia Pedernales consecutivamente para cuatro per\u00edodos: 2006-2010\",\"breadcrumb\":{\"@id\":\"https:\\\/\\\/diariodelpais.com\\\/paiselectoral\\\/conoce-a-los-candidatos-a-senador-por-la-provincia-pedernales\\\/#breadcrumb\"},\"inLanguage\":\"es\",\"potentialAction\":[{\"@type\":\"ReadAction\",\"target\":[\"https:\\\/\\\/diariodelpais.com\\\/paiselectoral\\\/conoce-a-los-candidatos-a-senador-por-la-provincia-pedernales\\\/\"]}]},{\"@type\":\"ImageObject\",\"inLanguage\":\"es\",\"@id\":\"https:\\\/\\\/diariodelpais.com\\\/paiselectoral\\\/conoce-a-los-candidatos-a-senador-por-la-provincia-pedernales\\\/#primaryimage\",\"url\":\"https:\\\/\\\/diariodelpais.com\\\/paiselectoral\\\/wp-content\\\/uploads\\\/2024\\\/04\\\/Nueva-portada-1200px-x-900px-77-1.jpg\",\"contentUrl\":\"https:\\\/\\\/diariodelpais.com\\\/paiselectoral\\\/wp-content\\\/uploads\\\/2024\\\/04\\\/Nueva-portada-1200px-x-900px-77-1.jpg\",\"width\":1200,\"height\":900,\"caption\":\"Pedernales\"},{\"@type\":\"BreadcrumbList\",\"@id\":\"https:\\\/\\\/diariodelpais.com\\\/paiselectoral\\\/conoce-a-los-candidatos-a-senador-por-la-provincia-pedernales\\\/#breadcrumb\",\"itemListElement\":[{\"@type\":\"ListItem\",\"position\":1,\"name\":\"Portada\",\"item\":\"https:\\\/\\\/diariodelpais.com\\\/paiselectoral\\\/\"},{\"@type\":\"ListItem\",\"position\":2,\"name\":\"Conoce a los candidatos a senador por la provincia Pedernales\"}]},{\"@type\":\"WebSite\",\"@id\":\"https:\\\/\\\/diariodelpais.com\\\/paiselectoral\\\/#website\",\"url\":\"https:\\\/\\\/diariodelpais.com\\\/paiselectoral\\\/\",\"name\":\"Pa\u00eds Electoral - Diario Del Pa\u00eds\",\"description\":\"Procesos electorales de la Rep. Dominicana\",\"publisher\":{\"@id\":\"https:\\\/\\\/diariodelpais.com\\\/paiselectoral\\\/#organization\"},\"alternateName\":\"Pa\u00eds Electoral\",\"potentialAction\":[{\"@type\":\"SearchAction\",\"target\":{\"@type\":\"EntryPoint\",\"urlTemplate\":\"https:\\\/\\\/diariodelpais.com\\\/paiselectoral\\\/?s={search_term_string}\"},\"query-input\":{\"@type\":\"PropertyValueSpecification\",\"valueRequired\":true,\"valueName\":\"search_term_string\"}}],\"inLanguage\":\"es\"},{\"@type\":[\"Organization\",\"Place\"],\"@id\":\"https:\\\/\\\/diariodelpais.com\\\/paiselectoral\\\/#organization\",\"name\":\"Diario Del Pa\u00eds\",\"url\":\"https:\\\/\\\/diariodelpais.com\\\/paiselectoral\\\/\",\"logo\":{\"@id\":\"https:\\\/\\\/diariodelpais.com\\\/paiselectoral\\\/conoce-a-los-candidatos-a-senador-por-la-provincia-pedernales\\\/#local-main-organization-logo\"},\"image\":{\"@id\":\"https:\\\/\\\/diariodelpais.com\\\/paiselectoral\\\/conoce-a-los-candidatos-a-senador-por-la-provincia-pedernales\\\/#local-main-organization-logo\"},\"sameAs\":[\"https:\\\/\\\/www.facebook.com\\\/DiariodelPaisrd\",\"https:\\\/\\\/x.com\\\/elpaiselectoral\",\"https:\\\/\\\/www.instagram.com\\\/diariodelpaisrd\\\/\"],\"openingHoursSpecification\":[{\"@type\":\"OpeningHoursSpecification\",\"dayOfWeek\":[\"Monday\",\"Tuesday\",\"Wednesday\",\"Thursday\",\"Friday\",\"Saturday\",\"Sunday\"],\"opens\":\"09:00\",\"closes\":\"17:00\"}]},{\"@type\":\"Person\",\"@id\":\"https:\\\/\\\/diariodelpais.com\\\/paiselectoral\\\/#\\\/schema\\\/person\\\/d5e2058a0505c0b4cbb4c24433743608\",\"name\":\"ebf\",\"image\":{\"@type\":\"ImageObject\",\"inLanguage\":\"es\",\"@id\":\"https:\\\/\\\/secure.gravatar.com\\\/avatar\\\/89520bd4b9ad7c51a188b00beed209072a599896aa39bb1997521d63b5f2e04f?s=96&d=mm&r=g\",\"url\":\"https:\\\/\\\/secure.gravatar.com\\\/avatar\\\/89520bd4b9ad7c51a188b00beed209072a599896aa39bb1997521d63b5f2e04f?s=96&d=mm&r=g\",\"contentUrl\":\"https:\\\/\\\/secure.gravatar.com\\\/avatar\\\/89520bd4b9ad7c51a188b00beed209072a599896aa39bb1997521d63b5f2e04f?s=96&d=mm&r=g\",\"caption\":\"ebf\"},\"url\":\"https:\\\/\\\/diariodelpais.com\\\/paiselectoral\\\/author\\\/ebf\\\/\"},{\"@type\":\"ImageObject\",\"inLanguage\":\"es\",\"@id\":\"https:\\\/\\\/diariodelpais.com\\\/paiselectoral\\\/conoce-a-los-candidatos-a-senador-por-la-provincia-pedernales\\\/#local-main-organization-logo\",\"url\":\"https:\\\/\\\/diariodelpais.com\\\/paiselectoral\\\/wp-content\\\/uploads\\\/2023\\\/07\\\/Pais-electoral.svg\",\"contentUrl\":\"https:\\\/\\\/diariodelpais.com\\\/paiselectoral\\\/wp-content\\\/uploads\\\/2023\\\/07\\\/Pais-electoral.svg\",\"caption\":\"Diario Del Pa\u00eds\"}]}<\/script>\n<!-- \/ Yoast SEO Premium plugin. -->","yoast_head_json":{"title":"Conoce a los candidatos a senador por la provincia Pedernales","description":"Dionis S\u00e1nchez, ha sido electo senador por la provincia Pedernales consecutivamente para cuatro per\u00edodos: 2006-2010","robots":{"index":"index","follow":"follow","max-snippet":"max-snippet:-1","max-image-preview":"max-image-preview:large","max-video-preview":"max-video-preview:-1"},"canonical":"https:\/\/diariodelpais.com\/paiselectoral\/conoce-a-los-candidatos-a-senador-por-la-provincia-pedernales\/","og_locale":"es_ES","og_type":"article","og_title":"Conoce a los candidatos a senador por la provincia Pedernales","og_description":"Dionis S\u00e1nchez, ha sido electo senador por la provincia Pedernales consecutivamente para cuatro per\u00edodos: 2006-2010","og_url":"https:\/\/diariodelpais.com\/paiselectoral\/conoce-a-los-candidatos-a-senador-por-la-provincia-pedernales\/","og_site_name":"Pa&iacute;s Electoral","article_publisher":"https:\/\/www.facebook.com\/DiariodelPaisrd","article_published_time":"2024-04-30T21:08:32+00:00","article_modified_time":"2024-04-30T21:08:33+00:00","og_image":[{"width":1200,"height":900,"url":"https:\/\/diariodelpais.com\/paiselectoral\/wp-content\/uploads\/2024\/04\/Nueva-portada-1200px-x-900px-77-1.jpg","type":"image\/jpeg"}],"author":"ebf","twitter_card":"summary_large_image","twitter_creator":"@elpaiselectoral","twitter_site":"@elpaiselectoral","twitter_misc":{"Escrito por":"ebf","Tiempo de lectura":"2 minutos"},"schema":{"@context":"https:\/\/schema.org","@graph":[{"@type":"Article","@id":"https:\/\/diariodelpais.com\/paiselectoral\/conoce-a-los-candidatos-a-senador-por-la-provincia-pedernales\/#article","isPartOf":{"@id":"https:\/\/diariodelpais.com\/paiselectoral\/conoce-a-los-candidatos-a-senador-por-la-provincia-pedernales\/"},"author":{"name":"ebf","@id":"https:\/\/diariodelpais.com\/paiselectoral\/#\/schema\/person\/d5e2058a0505c0b4cbb4c24433743608"},"headline":"Conoce a los candidatos a senador por la provincia Pedernales","datePublished":"2024-04-30T21:08:32+00:00","dateModified":"2024-04-30T21:08:33+00:00","mainEntityOfPage":{"@id":"https:\/\/diariodelpais.com\/paiselectoral\/conoce-a-los-candidatos-a-senador-por-la-provincia-pedernales\/"},"wordCount":185,"commentCount":0,"publisher":{"@id":"https:\/\/diariodelpais.com\/paiselectoral\/#organization"},"image":{"@id":"https:\/\/diariodelpais.com\/paiselectoral\/conoce-a-los-candidatos-a-senador-por-la-provincia-pedernales\/#primaryimage"},"thumbnailUrl":"https:\/\/diariodelpais.com\/paiselectoral\/wp-content\/uploads\/2024\/04\/Nueva-portada-1200px-x-900px-77-1.jpg","articleSection":["Elecciones Congresuales"],"inLanguage":"es","potentialAction":[{"@type":"CommentAction","name":"Comment","target":["https:\/\/diariodelpais.com\/paiselectoral\/conoce-a-los-candidatos-a-senador-por-la-provincia-pedernales\/#respond"]}],"copyrightYear":"2024","copyrightHolder":{"@id":"https:\/\/diariodelpais.com\/paiselectoral\/#organization"}},{"@type":"WebPage","@id":"https:\/\/diariodelpais.com\/paiselectoral\/conoce-a-los-candidatos-a-senador-por-la-provincia-pedernales\/","url":"https:\/\/diariodelpais.com\/paiselectoral\/conoce-a-los-candidatos-a-senador-por-la-provincia-pedernales\/","name":"Conoce a los candidatos a senador por la provincia Pedernales","isPartOf":{"@id":"https:\/\/diariodelpais.com\/paiselectoral\/#website"},"primaryImageOfPage":{"@id":"https:\/\/diariodelpais.com\/paiselectoral\/conoce-a-los-candidatos-a-senador-por-la-provincia-pedernales\/#primaryimage"},"image":{"@id":"https:\/\/diariodelpais.com\/paiselectoral\/conoce-a-los-candidatos-a-senador-por-la-provincia-pedernales\/#primaryimage"},"thumbnailUrl":"https:\/\/diariodelpais.com\/paiselectoral\/wp-content\/uploads\/2024\/04\/Nueva-portada-1200px-x-900px-77-1.jpg","datePublished":"2024-04-30T21:08:32+00:00","dateModified":"2024-04-30T21:08:33+00:00","description":"Dionis S\u00e1nchez, ha sido electo senador por la provincia Pedernales consecutivamente para cuatro per\u00edodos: 2006-2010","breadcrumb":{"@id":"https:\/\/diariodelpais.com\/paiselectoral\/conoce-a-los-candidatos-a-senador-por-la-provincia-pedernales\/#breadcrumb"},"inLanguage":"es","potentialAction":[{"@type":"ReadAction","target":["https:\/\/diariodelpais.com\/paiselectoral\/conoce-a-los-candidatos-a-senador-por-la-provincia-pedernales\/"]}]},{"@type":"ImageObject","inLanguage":"es","@id":"https:\/\/diariodelpais.com\/paiselectoral\/conoce-a-los-candidatos-a-senador-por-la-provincia-pedernales\/#primaryimage","url":"https:\/\/diariodelpais.com\/paiselectoral\/wp-content\/uploads\/2024\/04\/Nueva-portada-1200px-x-900px-77-1.jpg","contentUrl":"https:\/\/diariodelpais.com\/paiselectoral\/wp-content\/uploads\/2024\/04\/Nueva-portada-1200px-x-900px-77-1.jpg","width":1200,"height":900,"caption":"Pedernales"},{"@type":"BreadcrumbList","@id":"https:\/\/diariodelpais.com\/paiselectoral\/conoce-a-los-candidatos-a-senador-por-la-provincia-pedernales\/#breadcrumb","itemListElement":[{"@type":"ListItem","position":1,"name":"Portada","item":"https:\/\/diariodelpais.com\/paiselectoral\/"},{"@type":"ListItem","position":2,"name":"Conoce a los candidatos a senador por la provincia Pedernales"}]},{"@type":"WebSite","@id":"https:\/\/diariodelpais.com\/paiselectoral\/#website","url":"https:\/\/diariodelpais.com\/paiselectoral\/","name":"Pa\u00eds Electoral - Diario Del Pa\u00eds","description":"Procesos electorales de la Rep. Dominicana","publisher":{"@id":"https:\/\/diariodelpais.com\/paiselectoral\/#organization"},"alternateName":"Pa\u00eds Electoral","potentialAction":[{"@type":"SearchAction","target":{"@type":"EntryPoint","urlTemplate":"https:\/\/diariodelpais.com\/paiselectoral\/?s={search_term_string}"},"query-input":{"@type":"PropertyValueSpecification","valueRequired":true,"valueName":"search_term_string"}}],"inLanguage":"es"},{"@type":["Organization","Place"],"@id":"https:\/\/diariodelpais.com\/paiselectoral\/#organization","name":"Diario Del Pa\u00eds","url":"https:\/\/diariodelpais.com\/paiselectoral\/","logo":{"@id":"https:\/\/diariodelpais.com\/paiselectoral\/conoce-a-los-candidatos-a-senador-por-la-provincia-pedernales\/#local-main-organization-logo"},"image":{"@id":"https:\/\/diariodelpais.com\/paiselectoral\/conoce-a-los-candidatos-a-senador-por-la-provincia-pedernales\/#local-main-organization-logo"},"sameAs":["https:\/\/www.facebook.com\/DiariodelPaisrd","https:\/\/x.com\/elpaiselectoral","https:\/\/www.instagram.com\/diariodelpaisrd\/"],"openingHoursSpecification":[{"@type":"OpeningHoursSpecification","dayOfWeek":["Monday","Tuesday","Wednesday","Thursday","Friday","Saturday","Sunday"],"opens":"09:00","closes":"17:00"}]},{"@type":"Person","@id":"https:\/\/diariodelpais.com\/paiselectoral\/#\/schema\/person\/d5e2058a0505c0b4cbb4c24433743608","name":"ebf","image":{"@type":"ImageObject","inLanguage":"es","@id":"https:\/\/secure.gravatar.com\/avatar\/89520bd4b9ad7c51a188b00beed209072a599896aa39bb1997521d63b5f2e04f?s=96&d=mm&r=g","url":"https:\/\/secure.gravatar.com\/avatar\/89520bd4b9ad7c51a188b00beed209072a599896aa39bb1997521d63b5f2e04f?s=96&d=mm&r=g","contentUrl":"https:\/\/secure.gravatar.com\/avatar\/89520bd4b9ad7c51a188b00beed209072a599896aa39bb1997521d63b5f2e04f?s=96&d=mm&r=g","caption":"ebf"},"url":"https:\/\/diariodelpais.com\/paiselectoral\/author\/ebf\/"},{"@type":"ImageObject","inLanguage":"es","@id":"https:\/\/diariodelpais.com\/paiselectoral\/conoce-a-los-candidatos-a-senador-por-la-provincia-pedernales\/#local-main-organization-logo","url":"https:\/\/diariodelpais.com\/paiselectoral\/wp-content\/uploads\/2023\/07\/Pais-electoral.svg","contentUrl":"https:\/\/diariodelpais.com\/paiselectoral\/wp-content\/uploads\/2023\/07\/Pais-electoral.svg","caption":"Diario Del Pa\u00eds"}]}},"_links":{"self":[{"href":"https:\/\/diariodelpais.com\/paiselectoral\/wp-json\/wp\/v2\/posts\/332154","targetHints":{"allow":["GET"]}}],"collection":[{"href":"https:\/\/diariodelpais.com\/paiselectoral\/wp-json\/wp\/v2\/posts"}],"about":[{"href":"https:\/\/diariodelpais.com\/paiselectoral\/wp-json\/wp\/v2\/types\/post"}],"author":[{"embeddable":true,"href":"https:\/\/diariodelpais.com\/paiselectoral\/wp-json\/wp\/v2\/users\/6"}],"replies":[{"embeddable":true,"href":"https:\/\/diariodelpais.com\/paiselectoral\/wp-json\/wp\/v2\/comments?post=332154"}],"version-history":[{"count":1,"href":"https:\/\/diariodelpais.com\/paiselectoral\/wp-json\/wp\/v2\/posts\/332154\/revisions"}],"predecessor-version":[{"id":332159,"href":"https:\/\/diariodelpais.com\/paiselectoral\/wp-json\/wp\/v2\/posts\/332154\/revisions\/332159"}],"wp:featuredmedia":[{"embeddable":true,"href":"https:\/\/diariodelpais.com\/paiselectoral\/wp-json\/wp\/v2\/media\/332158"}],"wp:attachment":[{"href":"https:\/\/diariodelpais.com\/paiselectoral\/wp-json\/wp\/v2\/media?parent=332154"}],"wp:term":[{"taxonomy":"category","embeddable":true,"href":"https:\/\/diariodelpais.com\/paiselectoral\/wp-json\/wp\/v2\/categories?post=332154"},{"taxonomy":"post_tag","embeddable":true,"href":"https:\/\/diariodelpais.com\/paiselectoral\/wp-json\/wp\/v2\/tags?post=332154"},{"taxonomy":"provincia","embeddable":true,"href":"https:\/\/diariodelpais.com\/paiselectoral\/wp-json\/wp\/v2\/provincia?post=332154"}],"curies":[{"name":"wp","href":"https:\/\/api.w.org\/{rel}","templated":true}]}}