{"id":332148,"date":"2024-04-30T19:31:35","date_gmt":"2024-04-30T19:31:35","guid":{"rendered":"https:\/\/diariodelpais.com\/paiselectoral\/?p=332148"},"modified":"2024-04-30T21:09:50","modified_gmt":"2024-04-30T21:09:50","slug":"conoce-a-los-candidatos-a-senador-por-la-provincia-bahoruco","status":"publish","type":"post","link":"https:\/\/diariodelpais.com\/paiselectoral\/conoce-a-los-candidatos-a-senador-por-la-provincia-bahoruco\/","title":{"rendered":"Conoce a los candidatos a senador por la provincia Bahoruco"},"content":{"rendered":"\n<p><strong>Bahoruco. &#8211; <\/strong>A 20 d\u00edas de celebrarse las <strong>elecciones presidenciales y congresuales<\/strong> del 19 de mayo, los partidos mayoritarios han elegido a sus <strong>candidatos<\/strong> a la plaza senatorial de la <strong>provincia Bahoruco.<\/strong><\/p>\n\n\n\n<p>Por\u00a0el <strong>Partido Revolucionario Moderno (PRM)<\/strong> y aliados est\u00e1 el candidato a senador de la <strong>provincia Bahoruco, Andr\u00e9s Guillermo Lama P\u00e9rez<\/strong>, conocido como <strong>\u00abGuillermito Lama\u00bb<\/strong>, \u00a0joven pol\u00edtico y miembro fundador del PRM, en Bahoruco.<\/p>\n\n\n\n<p>Te puede interesar: <a href=\"https:\/\/diariodelpais.com\/paiselectoral\/conoce-a-los-candidatos-a-senador-por-la-provincia-san-jose-de-ocoa\/\">https:\/\/diariodelpais.com\/paiselectoral\/conoce-a-los-candidatos-a-senador-por-la-provincia-san-jose-de-ocoa\/<\/a><\/p>\n\n\n\n<figure class=\"wp-block-image size-large is-resized\"><img loading=\"lazy\" decoding=\"async\" width=\"1024\" height=\"768\" src=\"https:\/\/diariodelpais.com\/paiselectoral\/wp-content\/uploads\/2024\/04\/Nueva-portada-1200px-x-900px-71-1-1-1024x768.jpg\" alt=\"\" class=\"wp-image-332150\" style=\"width:441px;height:auto\" srcset=\"https:\/\/diariodelpais.com\/paiselectoral\/wp-content\/uploads\/2024\/04\/Nueva-portada-1200px-x-900px-71-1-1-1024x768.jpg 1024w, https:\/\/diariodelpais.com\/paiselectoral\/wp-content\/uploads\/2024\/04\/Nueva-portada-1200px-x-900px-71-1-1-300x225.jpg 300w, https:\/\/diariodelpais.com\/paiselectoral\/wp-content\/uploads\/2024\/04\/Nueva-portada-1200px-x-900px-71-1-1-768x576.jpg 768w, https:\/\/diariodelpais.com\/paiselectoral\/wp-content\/uploads\/2024\/04\/Nueva-portada-1200px-x-900px-71-1-1.jpg 1200w\" sizes=\"auto, (max-width: 1024px) 100vw, 1024px\" \/><\/figure>\n\n\n\n<p>Mientras que, en representaci\u00f3n del<strong> Partido Fuerza del Pueblo<\/strong> y aliados, el candidato <strong>Marino de Jes\u00fas Feliz Rodr\u00edguez<\/strong><\/p>\n\n\n\n<figure class=\"wp-block-image size-large is-resized\"><img loading=\"lazy\" decoding=\"async\" width=\"1024\" height=\"768\" src=\"https:\/\/diariodelpais.com\/paiselectoral\/wp-content\/uploads\/2024\/04\/Nueva-portada-1200px-x-900px-72-1-1024x768.jpg\" alt=\"\" class=\"wp-image-332151\" style=\"width:468px;height:auto\" srcset=\"https:\/\/diariodelpais.com\/paiselectoral\/wp-content\/uploads\/2024\/04\/Nueva-portada-1200px-x-900px-72-1-1024x768.jpg 1024w, https:\/\/diariodelpais.com\/paiselectoral\/wp-content\/uploads\/2024\/04\/Nueva-portada-1200px-x-900px-72-1-300x225.jpg 300w, https:\/\/diariodelpais.com\/paiselectoral\/wp-content\/uploads\/2024\/04\/Nueva-portada-1200px-x-900px-72-1-768x576.jpg 768w, https:\/\/diariodelpais.com\/paiselectoral\/wp-content\/uploads\/2024\/04\/Nueva-portada-1200px-x-900px-72-1.jpg 1200w\" sizes=\"auto, (max-width: 1024px) 100vw, 1024px\" \/><\/figure>\n","protected":false},"excerpt":{"rendered":"<p>Por\u00a0el Partido Revolucionario Moderno (PRM) y aliados est\u00e1 el candidato a senador de la provincia Bahoruco, Andr\u00e9s Guillermo Lama P\u00e9rez, conocido como \u00abGuillermito Lama\u00bb<\/p>\n","protected":false},"author":6,"featured_media":332161,"comment_status":"open","ping_status":"open","sticky":false,"template":"","format":"standard","meta":{"_acf_changed":false,"footnotes":""},"categories":[4],"tags":[],"provincia":[],"class_list":["post-332148","post","type-post","status-publish","format-standard","has-post-thumbnail","hentry","category-elecciones-congresuales"],"acf":[],"yoast_head":"<!-- This site is optimized with the Yoast SEO Premium plugin v20.7 (Yoast SEO v27.4) - https:\/\/yoast.com\/product\/yoast-seo-premium-wordpress\/ -->\n<title>Conoce a los candidatos a senador por la provincia Bahoruco<\/title>\n<meta name=\"description\" content=\"Congresuales del 19 de mayo, los partidos mayoritarios han elegido a sus candidatos a la plaza senatorial de la provincia Bahoruco.\" \/>\n<meta name=\"robots\" content=\"index, follow, max-snippet:-1, max-image-preview:large, max-video-preview:-1\" \/>\n<link rel=\"canonical\" href=\"https:\/\/diariodelpais.com\/paiselectoral\/conoce-a-los-candidatos-a-senador-por-la-provincia-bahoruco\/\" \/>\n<meta property=\"og:locale\" content=\"es_ES\" \/>\n<meta property=\"og:type\" content=\"article\" \/>\n<meta property=\"og:title\" content=\"Conoce a los candidatos a senador por la provincia Bahoruco\" \/>\n<meta property=\"og:description\" content=\"Congresuales del 19 de mayo, los partidos mayoritarios han elegido a sus candidatos a la plaza senatorial de la provincia Bahoruco.\" \/>\n<meta property=\"og:url\" content=\"https:\/\/diariodelpais.com\/paiselectoral\/conoce-a-los-candidatos-a-senador-por-la-provincia-bahoruco\/\" \/>\n<meta property=\"og:site_name\" content=\"Pa&iacute;s Electoral\" \/>\n<meta property=\"article:publisher\" content=\"https:\/\/www.facebook.com\/DiariodelPaisrd\" \/>\n<meta property=\"article:published_time\" content=\"2024-04-30T19:31:35+00:00\" \/>\n<meta property=\"article:modified_time\" content=\"2024-04-30T21:09:50+00:00\" \/>\n<meta property=\"og:image\" content=\"https:\/\/diariodelpais.com\/paiselectoral\/wp-content\/uploads\/2024\/04\/Nueva-portada-1200px-x-900px-76-1-1.jpg\" \/>\n\t<meta property=\"og:image:width\" content=\"1200\" \/>\n\t<meta property=\"og:image:height\" content=\"900\" \/>\n\t<meta property=\"og:image:type\" content=\"image\/jpeg\" \/>\n<meta name=\"author\" content=\"ebf\" \/>\n<meta name=\"twitter:card\" content=\"summary_large_image\" \/>\n<meta name=\"twitter:creator\" content=\"@elpaiselectoral\" \/>\n<meta name=\"twitter:site\" content=\"@elpaiselectoral\" \/>\n<meta name=\"twitter:label1\" content=\"Escrito por\" \/>\n\t<meta name=\"twitter:data1\" content=\"ebf\" \/>\n\t<meta name=\"twitter:label2\" content=\"Tiempo de lectura\" \/>\n\t<meta name=\"twitter:data2\" content=\"1 minuto\" \/>\n<script type=\"application\/ld+json\" class=\"yoast-schema-graph\">{\"@context\":\"https:\\\/\\\/schema.org\",\"@graph\":[{\"@type\":\"Article\",\"@id\":\"https:\\\/\\\/diariodelpais.com\\\/paiselectoral\\\/conoce-a-los-candidatos-a-senador-por-la-provincia-bahoruco\\\/#article\",\"isPartOf\":{\"@id\":\"https:\\\/\\\/diariodelpais.com\\\/paiselectoral\\\/conoce-a-los-candidatos-a-senador-por-la-provincia-bahoruco\\\/\"},\"author\":{\"name\":\"ebf\",\"@id\":\"https:\\\/\\\/diariodelpais.com\\\/paiselectoral\\\/#\\\/schema\\\/person\\\/d5e2058a0505c0b4cbb4c24433743608\"},\"headline\":\"Conoce a los candidatos a senador por la provincia Bahoruco\",\"datePublished\":\"2024-04-30T19:31:35+00:00\",\"dateModified\":\"2024-04-30T21:09:50+00:00\",\"mainEntityOfPage\":{\"@id\":\"https:\\\/\\\/diariodelpais.com\\\/paiselectoral\\\/conoce-a-los-candidatos-a-senador-por-la-provincia-bahoruco\\\/\"},\"wordCount\":107,\"commentCount\":0,\"publisher\":{\"@id\":\"https:\\\/\\\/diariodelpais.com\\\/paiselectoral\\\/#organization\"},\"image\":{\"@id\":\"https:\\\/\\\/diariodelpais.com\\\/paiselectoral\\\/conoce-a-los-candidatos-a-senador-por-la-provincia-bahoruco\\\/#primaryimage\"},\"thumbnailUrl\":\"https:\\\/\\\/diariodelpais.com\\\/paiselectoral\\\/wp-content\\\/uploads\\\/2024\\\/04\\\/Nueva-portada-1200px-x-900px-76-1-1.jpg\",\"articleSection\":[\"Elecciones Congresuales\"],\"inLanguage\":\"es\",\"potentialAction\":[{\"@type\":\"CommentAction\",\"name\":\"Comment\",\"target\":[\"https:\\\/\\\/diariodelpais.com\\\/paiselectoral\\\/conoce-a-los-candidatos-a-senador-por-la-provincia-bahoruco\\\/#respond\"]}],\"copyrightYear\":\"2024\",\"copyrightHolder\":{\"@id\":\"https:\\\/\\\/diariodelpais.com\\\/paiselectoral\\\/#organization\"}},{\"@type\":\"WebPage\",\"@id\":\"https:\\\/\\\/diariodelpais.com\\\/paiselectoral\\\/conoce-a-los-candidatos-a-senador-por-la-provincia-bahoruco\\\/\",\"url\":\"https:\\\/\\\/diariodelpais.com\\\/paiselectoral\\\/conoce-a-los-candidatos-a-senador-por-la-provincia-bahoruco\\\/\",\"name\":\"Conoce a los candidatos a senador por la provincia Bahoruco\",\"isPartOf\":{\"@id\":\"https:\\\/\\\/diariodelpais.com\\\/paiselectoral\\\/#website\"},\"primaryImageOfPage\":{\"@id\":\"https:\\\/\\\/diariodelpais.com\\\/paiselectoral\\\/conoce-a-los-candidatos-a-senador-por-la-provincia-bahoruco\\\/#primaryimage\"},\"image\":{\"@id\":\"https:\\\/\\\/diariodelpais.com\\\/paiselectoral\\\/conoce-a-los-candidatos-a-senador-por-la-provincia-bahoruco\\\/#primaryimage\"},\"thumbnailUrl\":\"https:\\\/\\\/diariodelpais.com\\\/paiselectoral\\\/wp-content\\\/uploads\\\/2024\\\/04\\\/Nueva-portada-1200px-x-900px-76-1-1.jpg\",\"datePublished\":\"2024-04-30T19:31:35+00:00\",\"dateModified\":\"2024-04-30T21:09:50+00:00\",\"description\":\"Congresuales del 19 de mayo, los partidos mayoritarios han elegido a sus candidatos a la plaza senatorial de la provincia Bahoruco.\",\"breadcrumb\":{\"@id\":\"https:\\\/\\\/diariodelpais.com\\\/paiselectoral\\\/conoce-a-los-candidatos-a-senador-por-la-provincia-bahoruco\\\/#breadcrumb\"},\"inLanguage\":\"es\",\"potentialAction\":[{\"@type\":\"ReadAction\",\"target\":[\"https:\\\/\\\/diariodelpais.com\\\/paiselectoral\\\/conoce-a-los-candidatos-a-senador-por-la-provincia-bahoruco\\\/\"]}]},{\"@type\":\"ImageObject\",\"inLanguage\":\"es\",\"@id\":\"https:\\\/\\\/diariodelpais.com\\\/paiselectoral\\\/conoce-a-los-candidatos-a-senador-por-la-provincia-bahoruco\\\/#primaryimage\",\"url\":\"https:\\\/\\\/diariodelpais.com\\\/paiselectoral\\\/wp-content\\\/uploads\\\/2024\\\/04\\\/Nueva-portada-1200px-x-900px-76-1-1.jpg\",\"contentUrl\":\"https:\\\/\\\/diariodelpais.com\\\/paiselectoral\\\/wp-content\\\/uploads\\\/2024\\\/04\\\/Nueva-portada-1200px-x-900px-76-1-1.jpg\",\"width\":1200,\"height\":900,\"caption\":\"Bahoruco\"},{\"@type\":\"BreadcrumbList\",\"@id\":\"https:\\\/\\\/diariodelpais.com\\\/paiselectoral\\\/conoce-a-los-candidatos-a-senador-por-la-provincia-bahoruco\\\/#breadcrumb\",\"itemListElement\":[{\"@type\":\"ListItem\",\"position\":1,\"name\":\"Portada\",\"item\":\"https:\\\/\\\/diariodelpais.com\\\/paiselectoral\\\/\"},{\"@type\":\"ListItem\",\"position\":2,\"name\":\"Conoce a los candidatos a senador por la provincia Bahoruco\"}]},{\"@type\":\"WebSite\",\"@id\":\"https:\\\/\\\/diariodelpais.com\\\/paiselectoral\\\/#website\",\"url\":\"https:\\\/\\\/diariodelpais.com\\\/paiselectoral\\\/\",\"name\":\"Pa\u00eds Electoral - Diario Del Pa\u00eds\",\"description\":\"Procesos electorales de la Rep. Dominicana\",\"publisher\":{\"@id\":\"https:\\\/\\\/diariodelpais.com\\\/paiselectoral\\\/#organization\"},\"alternateName\":\"Pa\u00eds Electoral\",\"potentialAction\":[{\"@type\":\"SearchAction\",\"target\":{\"@type\":\"EntryPoint\",\"urlTemplate\":\"https:\\\/\\\/diariodelpais.com\\\/paiselectoral\\\/?s={search_term_string}\"},\"query-input\":{\"@type\":\"PropertyValueSpecification\",\"valueRequired\":true,\"valueName\":\"search_term_string\"}}],\"inLanguage\":\"es\"},{\"@type\":[\"Organization\",\"Place\"],\"@id\":\"https:\\\/\\\/diariodelpais.com\\\/paiselectoral\\\/#organization\",\"name\":\"Diario Del Pa\u00eds\",\"url\":\"https:\\\/\\\/diariodelpais.com\\\/paiselectoral\\\/\",\"logo\":{\"@id\":\"https:\\\/\\\/diariodelpais.com\\\/paiselectoral\\\/conoce-a-los-candidatos-a-senador-por-la-provincia-bahoruco\\\/#local-main-organization-logo\"},\"image\":{\"@id\":\"https:\\\/\\\/diariodelpais.com\\\/paiselectoral\\\/conoce-a-los-candidatos-a-senador-por-la-provincia-bahoruco\\\/#local-main-organization-logo\"},\"sameAs\":[\"https:\\\/\\\/www.facebook.com\\\/DiariodelPaisrd\",\"https:\\\/\\\/x.com\\\/elpaiselectoral\",\"https:\\\/\\\/www.instagram.com\\\/diariodelpaisrd\\\/\"],\"openingHoursSpecification\":[{\"@type\":\"OpeningHoursSpecification\",\"dayOfWeek\":[\"Monday\",\"Tuesday\",\"Wednesday\",\"Thursday\",\"Friday\",\"Saturday\",\"Sunday\"],\"opens\":\"09:00\",\"closes\":\"17:00\"}]},{\"@type\":\"Person\",\"@id\":\"https:\\\/\\\/diariodelpais.com\\\/paiselectoral\\\/#\\\/schema\\\/person\\\/d5e2058a0505c0b4cbb4c24433743608\",\"name\":\"ebf\",\"image\":{\"@type\":\"ImageObject\",\"inLanguage\":\"es\",\"@id\":\"https:\\\/\\\/secure.gravatar.com\\\/avatar\\\/89520bd4b9ad7c51a188b00beed209072a599896aa39bb1997521d63b5f2e04f?s=96&d=mm&r=g\",\"url\":\"https:\\\/\\\/secure.gravatar.com\\\/avatar\\\/89520bd4b9ad7c51a188b00beed209072a599896aa39bb1997521d63b5f2e04f?s=96&d=mm&r=g\",\"contentUrl\":\"https:\\\/\\\/secure.gravatar.com\\\/avatar\\\/89520bd4b9ad7c51a188b00beed209072a599896aa39bb1997521d63b5f2e04f?s=96&d=mm&r=g\",\"caption\":\"ebf\"},\"url\":\"https:\\\/\\\/diariodelpais.com\\\/paiselectoral\\\/author\\\/ebf\\\/\"},{\"@type\":\"ImageObject\",\"inLanguage\":\"es\",\"@id\":\"https:\\\/\\\/diariodelpais.com\\\/paiselectoral\\\/conoce-a-los-candidatos-a-senador-por-la-provincia-bahoruco\\\/#local-main-organization-logo\",\"url\":\"https:\\\/\\\/diariodelpais.com\\\/paiselectoral\\\/wp-content\\\/uploads\\\/2023\\\/07\\\/Pais-electoral.svg\",\"contentUrl\":\"https:\\\/\\\/diariodelpais.com\\\/paiselectoral\\\/wp-content\\\/uploads\\\/2023\\\/07\\\/Pais-electoral.svg\",\"caption\":\"Diario Del Pa\u00eds\"}]}<\/script>\n<!-- \/ Yoast SEO Premium plugin. -->","yoast_head_json":{"title":"Conoce a los candidatos a senador por la provincia Bahoruco","description":"Congresuales del 19 de mayo, los partidos mayoritarios han elegido a sus candidatos a la plaza senatorial de la provincia Bahoruco.","robots":{"index":"index","follow":"follow","max-snippet":"max-snippet:-1","max-image-preview":"max-image-preview:large","max-video-preview":"max-video-preview:-1"},"canonical":"https:\/\/diariodelpais.com\/paiselectoral\/conoce-a-los-candidatos-a-senador-por-la-provincia-bahoruco\/","og_locale":"es_ES","og_type":"article","og_title":"Conoce a los candidatos a senador por la provincia Bahoruco","og_description":"Congresuales del 19 de mayo, los partidos mayoritarios han elegido a sus candidatos a la plaza senatorial de la provincia Bahoruco.","og_url":"https:\/\/diariodelpais.com\/paiselectoral\/conoce-a-los-candidatos-a-senador-por-la-provincia-bahoruco\/","og_site_name":"Pa&iacute;s Electoral","article_publisher":"https:\/\/www.facebook.com\/DiariodelPaisrd","article_published_time":"2024-04-30T19:31:35+00:00","article_modified_time":"2024-04-30T21:09:50+00:00","og_image":[{"width":1200,"height":900,"url":"https:\/\/diariodelpais.com\/paiselectoral\/wp-content\/uploads\/2024\/04\/Nueva-portada-1200px-x-900px-76-1-1.jpg","type":"image\/jpeg"}],"author":"ebf","twitter_card":"summary_large_image","twitter_creator":"@elpaiselectoral","twitter_site":"@elpaiselectoral","twitter_misc":{"Escrito por":"ebf","Tiempo de lectura":"1 minuto"},"schema":{"@context":"https:\/\/schema.org","@graph":[{"@type":"Article","@id":"https:\/\/diariodelpais.com\/paiselectoral\/conoce-a-los-candidatos-a-senador-por-la-provincia-bahoruco\/#article","isPartOf":{"@id":"https:\/\/diariodelpais.com\/paiselectoral\/conoce-a-los-candidatos-a-senador-por-la-provincia-bahoruco\/"},"author":{"name":"ebf","@id":"https:\/\/diariodelpais.com\/paiselectoral\/#\/schema\/person\/d5e2058a0505c0b4cbb4c24433743608"},"headline":"Conoce a los candidatos a senador por la provincia Bahoruco","datePublished":"2024-04-30T19:31:35+00:00","dateModified":"2024-04-30T21:09:50+00:00","mainEntityOfPage":{"@id":"https:\/\/diariodelpais.com\/paiselectoral\/conoce-a-los-candidatos-a-senador-por-la-provincia-bahoruco\/"},"wordCount":107,"commentCount":0,"publisher":{"@id":"https:\/\/diariodelpais.com\/paiselectoral\/#organization"},"image":{"@id":"https:\/\/diariodelpais.com\/paiselectoral\/conoce-a-los-candidatos-a-senador-por-la-provincia-bahoruco\/#primaryimage"},"thumbnailUrl":"https:\/\/diariodelpais.com\/paiselectoral\/wp-content\/uploads\/2024\/04\/Nueva-portada-1200px-x-900px-76-1-1.jpg","articleSection":["Elecciones Congresuales"],"inLanguage":"es","potentialAction":[{"@type":"CommentAction","name":"Comment","target":["https:\/\/diariodelpais.com\/paiselectoral\/conoce-a-los-candidatos-a-senador-por-la-provincia-bahoruco\/#respond"]}],"copyrightYear":"2024","copyrightHolder":{"@id":"https:\/\/diariodelpais.com\/paiselectoral\/#organization"}},{"@type":"WebPage","@id":"https:\/\/diariodelpais.com\/paiselectoral\/conoce-a-los-candidatos-a-senador-por-la-provincia-bahoruco\/","url":"https:\/\/diariodelpais.com\/paiselectoral\/conoce-a-los-candidatos-a-senador-por-la-provincia-bahoruco\/","name":"Conoce a los candidatos a senador por la provincia Bahoruco","isPartOf":{"@id":"https:\/\/diariodelpais.com\/paiselectoral\/#website"},"primaryImageOfPage":{"@id":"https:\/\/diariodelpais.com\/paiselectoral\/conoce-a-los-candidatos-a-senador-por-la-provincia-bahoruco\/#primaryimage"},"image":{"@id":"https:\/\/diariodelpais.com\/paiselectoral\/conoce-a-los-candidatos-a-senador-por-la-provincia-bahoruco\/#primaryimage"},"thumbnailUrl":"https:\/\/diariodelpais.com\/paiselectoral\/wp-content\/uploads\/2024\/04\/Nueva-portada-1200px-x-900px-76-1-1.jpg","datePublished":"2024-04-30T19:31:35+00:00","dateModified":"2024-04-30T21:09:50+00:00","description":"Congresuales del 19 de mayo, los partidos mayoritarios han elegido a sus candidatos a la plaza senatorial de la provincia Bahoruco.","breadcrumb":{"@id":"https:\/\/diariodelpais.com\/paiselectoral\/conoce-a-los-candidatos-a-senador-por-la-provincia-bahoruco\/#breadcrumb"},"inLanguage":"es","potentialAction":[{"@type":"ReadAction","target":["https:\/\/diariodelpais.com\/paiselectoral\/conoce-a-los-candidatos-a-senador-por-la-provincia-bahoruco\/"]}]},{"@type":"ImageObject","inLanguage":"es","@id":"https:\/\/diariodelpais.com\/paiselectoral\/conoce-a-los-candidatos-a-senador-por-la-provincia-bahoruco\/#primaryimage","url":"https:\/\/diariodelpais.com\/paiselectoral\/wp-content\/uploads\/2024\/04\/Nueva-portada-1200px-x-900px-76-1-1.jpg","contentUrl":"https:\/\/diariodelpais.com\/paiselectoral\/wp-content\/uploads\/2024\/04\/Nueva-portada-1200px-x-900px-76-1-1.jpg","width":1200,"height":900,"caption":"Bahoruco"},{"@type":"BreadcrumbList","@id":"https:\/\/diariodelpais.com\/paiselectoral\/conoce-a-los-candidatos-a-senador-por-la-provincia-bahoruco\/#breadcrumb","itemListElement":[{"@type":"ListItem","position":1,"name":"Portada","item":"https:\/\/diariodelpais.com\/paiselectoral\/"},{"@type":"ListItem","position":2,"name":"Conoce a los candidatos a senador por la provincia Bahoruco"}]},{"@type":"WebSite","@id":"https:\/\/diariodelpais.com\/paiselectoral\/#website","url":"https:\/\/diariodelpais.com\/paiselectoral\/","name":"Pa\u00eds Electoral - Diario Del Pa\u00eds","description":"Procesos electorales de la Rep. Dominicana","publisher":{"@id":"https:\/\/diariodelpais.com\/paiselectoral\/#organization"},"alternateName":"Pa\u00eds Electoral","potentialAction":[{"@type":"SearchAction","target":{"@type":"EntryPoint","urlTemplate":"https:\/\/diariodelpais.com\/paiselectoral\/?s={search_term_string}"},"query-input":{"@type":"PropertyValueSpecification","valueRequired":true,"valueName":"search_term_string"}}],"inLanguage":"es"},{"@type":["Organization","Place"],"@id":"https:\/\/diariodelpais.com\/paiselectoral\/#organization","name":"Diario Del Pa\u00eds","url":"https:\/\/diariodelpais.com\/paiselectoral\/","logo":{"@id":"https:\/\/diariodelpais.com\/paiselectoral\/conoce-a-los-candidatos-a-senador-por-la-provincia-bahoruco\/#local-main-organization-logo"},"image":{"@id":"https:\/\/diariodelpais.com\/paiselectoral\/conoce-a-los-candidatos-a-senador-por-la-provincia-bahoruco\/#local-main-organization-logo"},"sameAs":["https:\/\/www.facebook.com\/DiariodelPaisrd","https:\/\/x.com\/elpaiselectoral","https:\/\/www.instagram.com\/diariodelpaisrd\/"],"openingHoursSpecification":[{"@type":"OpeningHoursSpecification","dayOfWeek":["Monday","Tuesday","Wednesday","Thursday","Friday","Saturday","Sunday"],"opens":"09:00","closes":"17:00"}]},{"@type":"Person","@id":"https:\/\/diariodelpais.com\/paiselectoral\/#\/schema\/person\/d5e2058a0505c0b4cbb4c24433743608","name":"ebf","image":{"@type":"ImageObject","inLanguage":"es","@id":"https:\/\/secure.gravatar.com\/avatar\/89520bd4b9ad7c51a188b00beed209072a599896aa39bb1997521d63b5f2e04f?s=96&d=mm&r=g","url":"https:\/\/secure.gravatar.com\/avatar\/89520bd4b9ad7c51a188b00beed209072a599896aa39bb1997521d63b5f2e04f?s=96&d=mm&r=g","contentUrl":"https:\/\/secure.gravatar.com\/avatar\/89520bd4b9ad7c51a188b00beed209072a599896aa39bb1997521d63b5f2e04f?s=96&d=mm&r=g","caption":"ebf"},"url":"https:\/\/diariodelpais.com\/paiselectoral\/author\/ebf\/"},{"@type":"ImageObject","inLanguage":"es","@id":"https:\/\/diariodelpais.com\/paiselectoral\/conoce-a-los-candidatos-a-senador-por-la-provincia-bahoruco\/#local-main-organization-logo","url":"https:\/\/diariodelpais.com\/paiselectoral\/wp-content\/uploads\/2023\/07\/Pais-electoral.svg","contentUrl":"https:\/\/diariodelpais.com\/paiselectoral\/wp-content\/uploads\/2023\/07\/Pais-electoral.svg","caption":"Diario Del Pa\u00eds"}]}},"_links":{"self":[{"href":"https:\/\/diariodelpais.com\/paiselectoral\/wp-json\/wp\/v2\/posts\/332148","targetHints":{"allow":["GET"]}}],"collection":[{"href":"https:\/\/diariodelpais.com\/paiselectoral\/wp-json\/wp\/v2\/posts"}],"about":[{"href":"https:\/\/diariodelpais.com\/paiselectoral\/wp-json\/wp\/v2\/types\/post"}],"author":[{"embeddable":true,"href":"https:\/\/diariodelpais.com\/paiselectoral\/wp-json\/wp\/v2\/users\/6"}],"replies":[{"embeddable":true,"href":"https:\/\/diariodelpais.com\/paiselectoral\/wp-json\/wp\/v2\/comments?post=332148"}],"version-history":[{"count":1,"href":"https:\/\/diariodelpais.com\/paiselectoral\/wp-json\/wp\/v2\/posts\/332148\/revisions"}],"predecessor-version":[{"id":332153,"href":"https:\/\/diariodelpais.com\/paiselectoral\/wp-json\/wp\/v2\/posts\/332148\/revisions\/332153"}],"wp:featuredmedia":[{"embeddable":true,"href":"https:\/\/diariodelpais.com\/paiselectoral\/wp-json\/wp\/v2\/media\/332161"}],"wp:attachment":[{"href":"https:\/\/diariodelpais.com\/paiselectoral\/wp-json\/wp\/v2\/media?parent=332148"}],"wp:term":[{"taxonomy":"category","embeddable":true,"href":"https:\/\/diariodelpais.com\/paiselectoral\/wp-json\/wp\/v2\/categories?post=332148"},{"taxonomy":"post_tag","embeddable":true,"href":"https:\/\/diariodelpais.com\/paiselectoral\/wp-json\/wp\/v2\/tags?post=332148"},{"taxonomy":"provincia","embeddable":true,"href":"https:\/\/diariodelpais.com\/paiselectoral\/wp-json\/wp\/v2\/provincia?post=332148"}],"curies":[{"name":"wp","href":"https:\/\/api.w.org\/{rel}","templated":true}]}}