{"id":332112,"date":"2024-04-29T19:02:27","date_gmt":"2024-04-29T19:02:27","guid":{"rendered":"https:\/\/diariodelpais.com\/paiselectoral\/?p=332112"},"modified":"2024-04-29T19:02:28","modified_gmt":"2024-04-29T19:02:28","slug":"conoce-a-los-candidatos-a-senador-por-la-provincia-san-jose-de-ocoa","status":"publish","type":"post","link":"https:\/\/diariodelpais.com\/paiselectoral\/conoce-a-los-candidatos-a-senador-por-la-provincia-san-jose-de-ocoa\/","title":{"rendered":"Conoce a los candidatos a senador por la provincia San Jos\u00e9 de Ocoa"},"content":{"rendered":"\n<p><strong>San Jos\u00e9 de Ocoa .-<\/strong> Las <strong>elecciones presidenciales y congresuales<\/strong> se llevar\u00e1n a cabo el domingo 19 de mayo, donde se renovar\u00e1 la <strong>C\u00e1mara de Diputados,<\/strong> <strong>Senado y presidencia<\/strong> de la Rep\u00fablica Dominicana y los partidos mayoritarios eligieron los candidatos que representar\u00e1n en la provincia San Jos\u00e9 de Ocoa.<\/p>\n\n\n\n<p>El <strong>PRM <\/strong>postula al actual alcalde del municipio de San Jos\u00e9 de Ocoa,\u00a0<strong>Aneudy Ortiz Sajiun<\/strong>, considerado uno de los ejecutivos municipales mejor valorados del pa\u00eds. Lleva al actual presidente Luis Abinader como su candidato a la Presidencia.<\/p>\n\n\n\n<figure class=\"wp-block-image size-large is-resized\"><img loading=\"lazy\" decoding=\"async\" width=\"1024\" height=\"768\" src=\"https:\/\/diariodelpais.com\/paiselectoral\/wp-content\/uploads\/2024\/04\/Nueva-portada-1200px-x-900px-62-1-1024x768.jpg\" alt=\"\" class=\"wp-image-332115\" style=\"width:481px;height:auto\" srcset=\"https:\/\/diariodelpais.com\/paiselectoral\/wp-content\/uploads\/2024\/04\/Nueva-portada-1200px-x-900px-62-1-1024x768.jpg 1024w, https:\/\/diariodelpais.com\/paiselectoral\/wp-content\/uploads\/2024\/04\/Nueva-portada-1200px-x-900px-62-1-300x225.jpg 300w, https:\/\/diariodelpais.com\/paiselectoral\/wp-content\/uploads\/2024\/04\/Nueva-portada-1200px-x-900px-62-1-768x576.jpg 768w, https:\/\/diariodelpais.com\/paiselectoral\/wp-content\/uploads\/2024\/04\/Nueva-portada-1200px-x-900px-62-1.jpg 1200w\" sizes=\"auto, (max-width: 1024px) 100vw, 1024px\" \/><\/figure>\n\n\n\n<p>La carrera pol\u00edtica de<strong> Aneudy Ort\u00edz Saji\u00fan <\/strong>inicia en el PRSC en el 1996 formando parte de un equipo de j\u00f3venes emprendedores de dicha organizaci\u00f3n pol\u00edtica.<\/p>\n\n\n\n<p>En el 2001 lanza sus primeras aspiraciones a regidor de ese partido por el municipio de San Jos\u00e9 de Ocoa, no logrando en ese momento consolidar sus aspiraciones. En el a\u00f1o 2005 juega un papel importante dentro de su partido apoyando la alianza rosada pactada por el<strong> PRSC y el PRD, <\/strong>en el 2007 juramentado Vicepresidente \u00a0Nacional de la JRSC, inicia un recorrido por todo el Pa\u00eds junto a J\u00f3venes valiosos en apoyo al candidato presidencial de la organizaci\u00f3n <strong>Amable Aristy Castro,<\/strong> en el 2009 se juramenta en el glorioso \u00a0Partido Revolucionario Dominicano del lado de su presidente y l\u00edder Ing. Miguel Vargas Maldonado.<\/p>\n\n\n\n<p>Mientras que, la diputada <strong>Altagracia Yarelys  Ger\u00f3nimo (Yari) <\/strong>sustituir\u00e1 al senador Jos\u00e9 Antonio Castillo como candidata a senadora del <strong>Partido Fuerza del Pueblo <\/strong>y otras cinco organizaciones, tras este \u00faltimo presentar su renuncia.<\/p>\n\n\n\n<figure class=\"wp-block-image size-large is-resized\"><img loading=\"lazy\" decoding=\"async\" width=\"1024\" height=\"768\" src=\"https:\/\/diariodelpais.com\/paiselectoral\/wp-content\/uploads\/2024\/04\/Nueva-portada-1200px-x-900px-61-1024x768.jpg\" alt=\"\" class=\"wp-image-332114\" style=\"width:472px;height:auto\" srcset=\"https:\/\/diariodelpais.com\/paiselectoral\/wp-content\/uploads\/2024\/04\/Nueva-portada-1200px-x-900px-61-1024x768.jpg 1024w, https:\/\/diariodelpais.com\/paiselectoral\/wp-content\/uploads\/2024\/04\/Nueva-portada-1200px-x-900px-61-300x225.jpg 300w, https:\/\/diariodelpais.com\/paiselectoral\/wp-content\/uploads\/2024\/04\/Nueva-portada-1200px-x-900px-61-768x576.jpg 768w, https:\/\/diariodelpais.com\/paiselectoral\/wp-content\/uploads\/2024\/04\/Nueva-portada-1200px-x-900px-61.jpg 1200w\" sizes=\"auto, (max-width: 1024px) 100vw, 1024px\" \/><\/figure>\n\n\n\n<p><strong>Encarnaci\u00f3n<\/strong>, quien gan\u00f3 la diputaci\u00f3n siendo parte del Partido Revolucionario Moderno (PRM),\u00a0<strong>lleg\u00f3 al PRD en enero de este a\u00f1o<\/strong>\u00a0luego de dejar al partido oficialista alegando que dentro de esa organizaci\u00f3n hay\u00a0<strong>\u201cpr\u00e1cticas que contradicen los valores fundamentales y socavan el respeto a la base y la dirigencia media\u201d.<\/strong><\/p>\n","protected":false},"excerpt":{"rendered":"<p>Encarnaci\u00f3n, quien gan\u00f3 la diputaci\u00f3n siendo parte del Partido Revolucionario Moderno (PRM),\u00a0lleg\u00f3 al PRD en enero de este a\u00f1o\u00a0luego de dejar al partido oficialista alegando que dentro de esa organizaci\u00f3n hay\u00a0\u201cpr\u00e1cticas que contradicen los valores fundamentales y socavan el respeto a la base y la dirigencia media\u201d<\/p>\n","protected":false},"author":6,"featured_media":332116,"comment_status":"open","ping_status":"open","sticky":false,"template":"","format":"standard","meta":{"_acf_changed":false,"footnotes":""},"categories":[4],"tags":[],"provincia":[],"class_list":["post-332112","post","type-post","status-publish","format-standard","has-post-thumbnail","hentry","category-elecciones-congresuales"],"acf":[],"yoast_head":"<!-- This site is optimized with the Yoast SEO Premium plugin v20.7 (Yoast SEO v27.4) - https:\/\/yoast.com\/product\/yoast-seo-premium-wordpress\/ -->\n<title>Candidatos a senador por la provincia San Jos\u00e9 de Ocoa<\/title>\n<meta name=\"description\" content=\"La Rep\u00fablica Dominicana y los partidos mayoritarios eligieron los candidatos que representar\u00e1n en la provincia San Jos\u00e9 de Ocoa.\" \/>\n<meta name=\"robots\" content=\"index, follow, max-snippet:-1, max-image-preview:large, max-video-preview:-1\" \/>\n<link rel=\"canonical\" href=\"https:\/\/diariodelpais.com\/paiselectoral\/conoce-a-los-candidatos-a-senador-por-la-provincia-san-jose-de-ocoa\/\" \/>\n<meta property=\"og:locale\" content=\"es_ES\" \/>\n<meta property=\"og:type\" content=\"article\" \/>\n<meta property=\"og:title\" content=\"Conoce a los candidatos a senador por la provincia San Jos\u00e9 de Ocoa\" \/>\n<meta property=\"og:description\" content=\"La Rep\u00fablica Dominicana y los partidos mayoritarios eligieron los candidatos que representar\u00e1n en la provincia San Jos\u00e9 de Ocoa.\" \/>\n<meta property=\"og:url\" content=\"https:\/\/diariodelpais.com\/paiselectoral\/conoce-a-los-candidatos-a-senador-por-la-provincia-san-jose-de-ocoa\/\" \/>\n<meta property=\"og:site_name\" content=\"Pa&iacute;s Electoral\" \/>\n<meta property=\"article:publisher\" content=\"https:\/\/www.facebook.com\/DiariodelPaisrd\" \/>\n<meta property=\"article:published_time\" content=\"2024-04-29T19:02:27+00:00\" \/>\n<meta property=\"article:modified_time\" content=\"2024-04-29T19:02:28+00:00\" \/>\n<meta property=\"og:image\" content=\"https:\/\/diariodelpais.com\/paiselectoral\/wp-content\/uploads\/2024\/04\/Nueva-portada-1200px-x-900px-63-1-1.jpg\" \/>\n\t<meta property=\"og:image:width\" content=\"1200\" \/>\n\t<meta property=\"og:image:height\" content=\"900\" \/>\n\t<meta property=\"og:image:type\" content=\"image\/jpeg\" \/>\n<meta name=\"author\" content=\"ebf\" \/>\n<meta name=\"twitter:card\" content=\"summary_large_image\" \/>\n<meta name=\"twitter:creator\" content=\"@elpaiselectoral\" \/>\n<meta name=\"twitter:site\" content=\"@elpaiselectoral\" \/>\n<meta name=\"twitter:label1\" content=\"Escrito por\" \/>\n\t<meta name=\"twitter:data1\" content=\"ebf\" \/>\n\t<meta name=\"twitter:label2\" content=\"Tiempo de lectura\" \/>\n\t<meta name=\"twitter:data2\" content=\"2 minutos\" \/>\n<script type=\"application\/ld+json\" class=\"yoast-schema-graph\">{\"@context\":\"https:\\\/\\\/schema.org\",\"@graph\":[{\"@type\":\"Article\",\"@id\":\"https:\\\/\\\/diariodelpais.com\\\/paiselectoral\\\/conoce-a-los-candidatos-a-senador-por-la-provincia-san-jose-de-ocoa\\\/#article\",\"isPartOf\":{\"@id\":\"https:\\\/\\\/diariodelpais.com\\\/paiselectoral\\\/conoce-a-los-candidatos-a-senador-por-la-provincia-san-jose-de-ocoa\\\/\"},\"author\":{\"name\":\"ebf\",\"@id\":\"https:\\\/\\\/diariodelpais.com\\\/paiselectoral\\\/#\\\/schema\\\/person\\\/d5e2058a0505c0b4cbb4c24433743608\"},\"headline\":\"Conoce a los candidatos a senador por la provincia San Jos\u00e9 de Ocoa\",\"datePublished\":\"2024-04-29T19:02:27+00:00\",\"dateModified\":\"2024-04-29T19:02:28+00:00\",\"mainEntityOfPage\":{\"@id\":\"https:\\\/\\\/diariodelpais.com\\\/paiselectoral\\\/conoce-a-los-candidatos-a-senador-por-la-provincia-san-jose-de-ocoa\\\/\"},\"wordCount\":329,\"commentCount\":0,\"publisher\":{\"@id\":\"https:\\\/\\\/diariodelpais.com\\\/paiselectoral\\\/#organization\"},\"image\":{\"@id\":\"https:\\\/\\\/diariodelpais.com\\\/paiselectoral\\\/conoce-a-los-candidatos-a-senador-por-la-provincia-san-jose-de-ocoa\\\/#primaryimage\"},\"thumbnailUrl\":\"https:\\\/\\\/diariodelpais.com\\\/paiselectoral\\\/wp-content\\\/uploads\\\/2024\\\/04\\\/Nueva-portada-1200px-x-900px-63-1-1.jpg\",\"articleSection\":[\"Elecciones Congresuales\"],\"inLanguage\":\"es\",\"potentialAction\":[{\"@type\":\"CommentAction\",\"name\":\"Comment\",\"target\":[\"https:\\\/\\\/diariodelpais.com\\\/paiselectoral\\\/conoce-a-los-candidatos-a-senador-por-la-provincia-san-jose-de-ocoa\\\/#respond\"]}],\"copyrightYear\":\"2024\",\"copyrightHolder\":{\"@id\":\"https:\\\/\\\/diariodelpais.com\\\/paiselectoral\\\/#organization\"}},{\"@type\":\"WebPage\",\"@id\":\"https:\\\/\\\/diariodelpais.com\\\/paiselectoral\\\/conoce-a-los-candidatos-a-senador-por-la-provincia-san-jose-de-ocoa\\\/\",\"url\":\"https:\\\/\\\/diariodelpais.com\\\/paiselectoral\\\/conoce-a-los-candidatos-a-senador-por-la-provincia-san-jose-de-ocoa\\\/\",\"name\":\"Candidatos a senador por la provincia San Jos\u00e9 de Ocoa\",\"isPartOf\":{\"@id\":\"https:\\\/\\\/diariodelpais.com\\\/paiselectoral\\\/#website\"},\"primaryImageOfPage\":{\"@id\":\"https:\\\/\\\/diariodelpais.com\\\/paiselectoral\\\/conoce-a-los-candidatos-a-senador-por-la-provincia-san-jose-de-ocoa\\\/#primaryimage\"},\"image\":{\"@id\":\"https:\\\/\\\/diariodelpais.com\\\/paiselectoral\\\/conoce-a-los-candidatos-a-senador-por-la-provincia-san-jose-de-ocoa\\\/#primaryimage\"},\"thumbnailUrl\":\"https:\\\/\\\/diariodelpais.com\\\/paiselectoral\\\/wp-content\\\/uploads\\\/2024\\\/04\\\/Nueva-portada-1200px-x-900px-63-1-1.jpg\",\"datePublished\":\"2024-04-29T19:02:27+00:00\",\"dateModified\":\"2024-04-29T19:02:28+00:00\",\"description\":\"La Rep\u00fablica Dominicana y los partidos mayoritarios eligieron los candidatos que representar\u00e1n en la provincia San Jos\u00e9 de Ocoa.\",\"breadcrumb\":{\"@id\":\"https:\\\/\\\/diariodelpais.com\\\/paiselectoral\\\/conoce-a-los-candidatos-a-senador-por-la-provincia-san-jose-de-ocoa\\\/#breadcrumb\"},\"inLanguage\":\"es\",\"potentialAction\":[{\"@type\":\"ReadAction\",\"target\":[\"https:\\\/\\\/diariodelpais.com\\\/paiselectoral\\\/conoce-a-los-candidatos-a-senador-por-la-provincia-san-jose-de-ocoa\\\/\"]}]},{\"@type\":\"ImageObject\",\"inLanguage\":\"es\",\"@id\":\"https:\\\/\\\/diariodelpais.com\\\/paiselectoral\\\/conoce-a-los-candidatos-a-senador-por-la-provincia-san-jose-de-ocoa\\\/#primaryimage\",\"url\":\"https:\\\/\\\/diariodelpais.com\\\/paiselectoral\\\/wp-content\\\/uploads\\\/2024\\\/04\\\/Nueva-portada-1200px-x-900px-63-1-1.jpg\",\"contentUrl\":\"https:\\\/\\\/diariodelpais.com\\\/paiselectoral\\\/wp-content\\\/uploads\\\/2024\\\/04\\\/Nueva-portada-1200px-x-900px-63-1-1.jpg\",\"width\":1200,\"height\":900,\"caption\":\"San Jos\u00e9 de Ocoa\"},{\"@type\":\"BreadcrumbList\",\"@id\":\"https:\\\/\\\/diariodelpais.com\\\/paiselectoral\\\/conoce-a-los-candidatos-a-senador-por-la-provincia-san-jose-de-ocoa\\\/#breadcrumb\",\"itemListElement\":[{\"@type\":\"ListItem\",\"position\":1,\"name\":\"Portada\",\"item\":\"https:\\\/\\\/diariodelpais.com\\\/paiselectoral\\\/\"},{\"@type\":\"ListItem\",\"position\":2,\"name\":\"Conoce a los candidatos a senador por la provincia San Jos\u00e9 de Ocoa\"}]},{\"@type\":\"WebSite\",\"@id\":\"https:\\\/\\\/diariodelpais.com\\\/paiselectoral\\\/#website\",\"url\":\"https:\\\/\\\/diariodelpais.com\\\/paiselectoral\\\/\",\"name\":\"Pa\u00eds Electoral - Diario Del Pa\u00eds\",\"description\":\"Procesos electorales de la Rep. Dominicana\",\"publisher\":{\"@id\":\"https:\\\/\\\/diariodelpais.com\\\/paiselectoral\\\/#organization\"},\"alternateName\":\"Pa\u00eds Electoral\",\"potentialAction\":[{\"@type\":\"SearchAction\",\"target\":{\"@type\":\"EntryPoint\",\"urlTemplate\":\"https:\\\/\\\/diariodelpais.com\\\/paiselectoral\\\/?s={search_term_string}\"},\"query-input\":{\"@type\":\"PropertyValueSpecification\",\"valueRequired\":true,\"valueName\":\"search_term_string\"}}],\"inLanguage\":\"es\"},{\"@type\":[\"Organization\",\"Place\"],\"@id\":\"https:\\\/\\\/diariodelpais.com\\\/paiselectoral\\\/#organization\",\"name\":\"Diario Del Pa\u00eds\",\"url\":\"https:\\\/\\\/diariodelpais.com\\\/paiselectoral\\\/\",\"logo\":{\"@id\":\"https:\\\/\\\/diariodelpais.com\\\/paiselectoral\\\/conoce-a-los-candidatos-a-senador-por-la-provincia-san-jose-de-ocoa\\\/#local-main-organization-logo\"},\"image\":{\"@id\":\"https:\\\/\\\/diariodelpais.com\\\/paiselectoral\\\/conoce-a-los-candidatos-a-senador-por-la-provincia-san-jose-de-ocoa\\\/#local-main-organization-logo\"},\"sameAs\":[\"https:\\\/\\\/www.facebook.com\\\/DiariodelPaisrd\",\"https:\\\/\\\/x.com\\\/elpaiselectoral\",\"https:\\\/\\\/www.instagram.com\\\/diariodelpaisrd\\\/\"],\"openingHoursSpecification\":[{\"@type\":\"OpeningHoursSpecification\",\"dayOfWeek\":[\"Monday\",\"Tuesday\",\"Wednesday\",\"Thursday\",\"Friday\",\"Saturday\",\"Sunday\"],\"opens\":\"09:00\",\"closes\":\"17:00\"}]},{\"@type\":\"Person\",\"@id\":\"https:\\\/\\\/diariodelpais.com\\\/paiselectoral\\\/#\\\/schema\\\/person\\\/d5e2058a0505c0b4cbb4c24433743608\",\"name\":\"ebf\",\"image\":{\"@type\":\"ImageObject\",\"inLanguage\":\"es\",\"@id\":\"https:\\\/\\\/secure.gravatar.com\\\/avatar\\\/89520bd4b9ad7c51a188b00beed209072a599896aa39bb1997521d63b5f2e04f?s=96&d=mm&r=g\",\"url\":\"https:\\\/\\\/secure.gravatar.com\\\/avatar\\\/89520bd4b9ad7c51a188b00beed209072a599896aa39bb1997521d63b5f2e04f?s=96&d=mm&r=g\",\"contentUrl\":\"https:\\\/\\\/secure.gravatar.com\\\/avatar\\\/89520bd4b9ad7c51a188b00beed209072a599896aa39bb1997521d63b5f2e04f?s=96&d=mm&r=g\",\"caption\":\"ebf\"},\"url\":\"https:\\\/\\\/diariodelpais.com\\\/paiselectoral\\\/author\\\/ebf\\\/\"},{\"@type\":\"ImageObject\",\"inLanguage\":\"es\",\"@id\":\"https:\\\/\\\/diariodelpais.com\\\/paiselectoral\\\/conoce-a-los-candidatos-a-senador-por-la-provincia-san-jose-de-ocoa\\\/#local-main-organization-logo\",\"url\":\"https:\\\/\\\/diariodelpais.com\\\/paiselectoral\\\/wp-content\\\/uploads\\\/2023\\\/07\\\/Pais-electoral.svg\",\"contentUrl\":\"https:\\\/\\\/diariodelpais.com\\\/paiselectoral\\\/wp-content\\\/uploads\\\/2023\\\/07\\\/Pais-electoral.svg\",\"caption\":\"Diario Del Pa\u00eds\"}]}<\/script>\n<!-- \/ Yoast SEO Premium plugin. -->","yoast_head_json":{"title":"Candidatos a senador por la provincia San Jos\u00e9 de Ocoa","description":"La Rep\u00fablica Dominicana y los partidos mayoritarios eligieron los candidatos que representar\u00e1n en la provincia San Jos\u00e9 de Ocoa.","robots":{"index":"index","follow":"follow","max-snippet":"max-snippet:-1","max-image-preview":"max-image-preview:large","max-video-preview":"max-video-preview:-1"},"canonical":"https:\/\/diariodelpais.com\/paiselectoral\/conoce-a-los-candidatos-a-senador-por-la-provincia-san-jose-de-ocoa\/","og_locale":"es_ES","og_type":"article","og_title":"Conoce a los candidatos a senador por la provincia San Jos\u00e9 de Ocoa","og_description":"La Rep\u00fablica Dominicana y los partidos mayoritarios eligieron los candidatos que representar\u00e1n en la provincia San Jos\u00e9 de Ocoa.","og_url":"https:\/\/diariodelpais.com\/paiselectoral\/conoce-a-los-candidatos-a-senador-por-la-provincia-san-jose-de-ocoa\/","og_site_name":"Pa&iacute;s Electoral","article_publisher":"https:\/\/www.facebook.com\/DiariodelPaisrd","article_published_time":"2024-04-29T19:02:27+00:00","article_modified_time":"2024-04-29T19:02:28+00:00","og_image":[{"width":1200,"height":900,"url":"https:\/\/diariodelpais.com\/paiselectoral\/wp-content\/uploads\/2024\/04\/Nueva-portada-1200px-x-900px-63-1-1.jpg","type":"image\/jpeg"}],"author":"ebf","twitter_card":"summary_large_image","twitter_creator":"@elpaiselectoral","twitter_site":"@elpaiselectoral","twitter_misc":{"Escrito por":"ebf","Tiempo de lectura":"2 minutos"},"schema":{"@context":"https:\/\/schema.org","@graph":[{"@type":"Article","@id":"https:\/\/diariodelpais.com\/paiselectoral\/conoce-a-los-candidatos-a-senador-por-la-provincia-san-jose-de-ocoa\/#article","isPartOf":{"@id":"https:\/\/diariodelpais.com\/paiselectoral\/conoce-a-los-candidatos-a-senador-por-la-provincia-san-jose-de-ocoa\/"},"author":{"name":"ebf","@id":"https:\/\/diariodelpais.com\/paiselectoral\/#\/schema\/person\/d5e2058a0505c0b4cbb4c24433743608"},"headline":"Conoce a los candidatos a senador por la provincia San Jos\u00e9 de Ocoa","datePublished":"2024-04-29T19:02:27+00:00","dateModified":"2024-04-29T19:02:28+00:00","mainEntityOfPage":{"@id":"https:\/\/diariodelpais.com\/paiselectoral\/conoce-a-los-candidatos-a-senador-por-la-provincia-san-jose-de-ocoa\/"},"wordCount":329,"commentCount":0,"publisher":{"@id":"https:\/\/diariodelpais.com\/paiselectoral\/#organization"},"image":{"@id":"https:\/\/diariodelpais.com\/paiselectoral\/conoce-a-los-candidatos-a-senador-por-la-provincia-san-jose-de-ocoa\/#primaryimage"},"thumbnailUrl":"https:\/\/diariodelpais.com\/paiselectoral\/wp-content\/uploads\/2024\/04\/Nueva-portada-1200px-x-900px-63-1-1.jpg","articleSection":["Elecciones Congresuales"],"inLanguage":"es","potentialAction":[{"@type":"CommentAction","name":"Comment","target":["https:\/\/diariodelpais.com\/paiselectoral\/conoce-a-los-candidatos-a-senador-por-la-provincia-san-jose-de-ocoa\/#respond"]}],"copyrightYear":"2024","copyrightHolder":{"@id":"https:\/\/diariodelpais.com\/paiselectoral\/#organization"}},{"@type":"WebPage","@id":"https:\/\/diariodelpais.com\/paiselectoral\/conoce-a-los-candidatos-a-senador-por-la-provincia-san-jose-de-ocoa\/","url":"https:\/\/diariodelpais.com\/paiselectoral\/conoce-a-los-candidatos-a-senador-por-la-provincia-san-jose-de-ocoa\/","name":"Candidatos a senador por la provincia San Jos\u00e9 de Ocoa","isPartOf":{"@id":"https:\/\/diariodelpais.com\/paiselectoral\/#website"},"primaryImageOfPage":{"@id":"https:\/\/diariodelpais.com\/paiselectoral\/conoce-a-los-candidatos-a-senador-por-la-provincia-san-jose-de-ocoa\/#primaryimage"},"image":{"@id":"https:\/\/diariodelpais.com\/paiselectoral\/conoce-a-los-candidatos-a-senador-por-la-provincia-san-jose-de-ocoa\/#primaryimage"},"thumbnailUrl":"https:\/\/diariodelpais.com\/paiselectoral\/wp-content\/uploads\/2024\/04\/Nueva-portada-1200px-x-900px-63-1-1.jpg","datePublished":"2024-04-29T19:02:27+00:00","dateModified":"2024-04-29T19:02:28+00:00","description":"La Rep\u00fablica Dominicana y los partidos mayoritarios eligieron los candidatos que representar\u00e1n en la provincia San Jos\u00e9 de Ocoa.","breadcrumb":{"@id":"https:\/\/diariodelpais.com\/paiselectoral\/conoce-a-los-candidatos-a-senador-por-la-provincia-san-jose-de-ocoa\/#breadcrumb"},"inLanguage":"es","potentialAction":[{"@type":"ReadAction","target":["https:\/\/diariodelpais.com\/paiselectoral\/conoce-a-los-candidatos-a-senador-por-la-provincia-san-jose-de-ocoa\/"]}]},{"@type":"ImageObject","inLanguage":"es","@id":"https:\/\/diariodelpais.com\/paiselectoral\/conoce-a-los-candidatos-a-senador-por-la-provincia-san-jose-de-ocoa\/#primaryimage","url":"https:\/\/diariodelpais.com\/paiselectoral\/wp-content\/uploads\/2024\/04\/Nueva-portada-1200px-x-900px-63-1-1.jpg","contentUrl":"https:\/\/diariodelpais.com\/paiselectoral\/wp-content\/uploads\/2024\/04\/Nueva-portada-1200px-x-900px-63-1-1.jpg","width":1200,"height":900,"caption":"San Jos\u00e9 de Ocoa"},{"@type":"BreadcrumbList","@id":"https:\/\/diariodelpais.com\/paiselectoral\/conoce-a-los-candidatos-a-senador-por-la-provincia-san-jose-de-ocoa\/#breadcrumb","itemListElement":[{"@type":"ListItem","position":1,"name":"Portada","item":"https:\/\/diariodelpais.com\/paiselectoral\/"},{"@type":"ListItem","position":2,"name":"Conoce a los candidatos a senador por la provincia San Jos\u00e9 de Ocoa"}]},{"@type":"WebSite","@id":"https:\/\/diariodelpais.com\/paiselectoral\/#website","url":"https:\/\/diariodelpais.com\/paiselectoral\/","name":"Pa\u00eds Electoral - Diario Del Pa\u00eds","description":"Procesos electorales de la Rep. Dominicana","publisher":{"@id":"https:\/\/diariodelpais.com\/paiselectoral\/#organization"},"alternateName":"Pa\u00eds Electoral","potentialAction":[{"@type":"SearchAction","target":{"@type":"EntryPoint","urlTemplate":"https:\/\/diariodelpais.com\/paiselectoral\/?s={search_term_string}"},"query-input":{"@type":"PropertyValueSpecification","valueRequired":true,"valueName":"search_term_string"}}],"inLanguage":"es"},{"@type":["Organization","Place"],"@id":"https:\/\/diariodelpais.com\/paiselectoral\/#organization","name":"Diario Del Pa\u00eds","url":"https:\/\/diariodelpais.com\/paiselectoral\/","logo":{"@id":"https:\/\/diariodelpais.com\/paiselectoral\/conoce-a-los-candidatos-a-senador-por-la-provincia-san-jose-de-ocoa\/#local-main-organization-logo"},"image":{"@id":"https:\/\/diariodelpais.com\/paiselectoral\/conoce-a-los-candidatos-a-senador-por-la-provincia-san-jose-de-ocoa\/#local-main-organization-logo"},"sameAs":["https:\/\/www.facebook.com\/DiariodelPaisrd","https:\/\/x.com\/elpaiselectoral","https:\/\/www.instagram.com\/diariodelpaisrd\/"],"openingHoursSpecification":[{"@type":"OpeningHoursSpecification","dayOfWeek":["Monday","Tuesday","Wednesday","Thursday","Friday","Saturday","Sunday"],"opens":"09:00","closes":"17:00"}]},{"@type":"Person","@id":"https:\/\/diariodelpais.com\/paiselectoral\/#\/schema\/person\/d5e2058a0505c0b4cbb4c24433743608","name":"ebf","image":{"@type":"ImageObject","inLanguage":"es","@id":"https:\/\/secure.gravatar.com\/avatar\/89520bd4b9ad7c51a188b00beed209072a599896aa39bb1997521d63b5f2e04f?s=96&d=mm&r=g","url":"https:\/\/secure.gravatar.com\/avatar\/89520bd4b9ad7c51a188b00beed209072a599896aa39bb1997521d63b5f2e04f?s=96&d=mm&r=g","contentUrl":"https:\/\/secure.gravatar.com\/avatar\/89520bd4b9ad7c51a188b00beed209072a599896aa39bb1997521d63b5f2e04f?s=96&d=mm&r=g","caption":"ebf"},"url":"https:\/\/diariodelpais.com\/paiselectoral\/author\/ebf\/"},{"@type":"ImageObject","inLanguage":"es","@id":"https:\/\/diariodelpais.com\/paiselectoral\/conoce-a-los-candidatos-a-senador-por-la-provincia-san-jose-de-ocoa\/#local-main-organization-logo","url":"https:\/\/diariodelpais.com\/paiselectoral\/wp-content\/uploads\/2023\/07\/Pais-electoral.svg","contentUrl":"https:\/\/diariodelpais.com\/paiselectoral\/wp-content\/uploads\/2023\/07\/Pais-electoral.svg","caption":"Diario Del Pa\u00eds"}]}},"_links":{"self":[{"href":"https:\/\/diariodelpais.com\/paiselectoral\/wp-json\/wp\/v2\/posts\/332112","targetHints":{"allow":["GET"]}}],"collection":[{"href":"https:\/\/diariodelpais.com\/paiselectoral\/wp-json\/wp\/v2\/posts"}],"about":[{"href":"https:\/\/diariodelpais.com\/paiselectoral\/wp-json\/wp\/v2\/types\/post"}],"author":[{"embeddable":true,"href":"https:\/\/diariodelpais.com\/paiselectoral\/wp-json\/wp\/v2\/users\/6"}],"replies":[{"embeddable":true,"href":"https:\/\/diariodelpais.com\/paiselectoral\/wp-json\/wp\/v2\/comments?post=332112"}],"version-history":[{"count":1,"href":"https:\/\/diariodelpais.com\/paiselectoral\/wp-json\/wp\/v2\/posts\/332112\/revisions"}],"predecessor-version":[{"id":332117,"href":"https:\/\/diariodelpais.com\/paiselectoral\/wp-json\/wp\/v2\/posts\/332112\/revisions\/332117"}],"wp:featuredmedia":[{"embeddable":true,"href":"https:\/\/diariodelpais.com\/paiselectoral\/wp-json\/wp\/v2\/media\/332116"}],"wp:attachment":[{"href":"https:\/\/diariodelpais.com\/paiselectoral\/wp-json\/wp\/v2\/media?parent=332112"}],"wp:term":[{"taxonomy":"category","embeddable":true,"href":"https:\/\/diariodelpais.com\/paiselectoral\/wp-json\/wp\/v2\/categories?post=332112"},{"taxonomy":"post_tag","embeddable":true,"href":"https:\/\/diariodelpais.com\/paiselectoral\/wp-json\/wp\/v2\/tags?post=332112"},{"taxonomy":"provincia","embeddable":true,"href":"https:\/\/diariodelpais.com\/paiselectoral\/wp-json\/wp\/v2\/provincia?post=332112"}],"curies":[{"name":"wp","href":"https:\/\/api.w.org\/{rel}","templated":true}]}}