{"id":331636,"date":"2024-03-05T19:33:42","date_gmt":"2024-03-05T19:33:42","guid":{"rendered":"https:\/\/diariodelpais.com\/paiselectoral\/?p=331636"},"modified":"2024-03-05T19:33:43","modified_gmt":"2024-03-05T19:33:43","slug":"prm-pide-se-respete-voluntad-del-pueblo-asegura-gano-alcaldia-de-cabrera","status":"publish","type":"post","link":"https:\/\/diariodelpais.com\/paiselectoral\/prm-pide-se-respete-voluntad-del-pueblo-asegura-gano-alcaldia-de-cabrera\/","title":{"rendered":"PRM pide se respete voluntad del pueblo, asegura gan\u00f3 alcald\u00eda de Cabrera"},"content":{"rendered":"\n<p><strong>El Partido Revolucionario Moderno<\/strong> (<strong><a href=\"https:\/\/prm.org.do\/\">PRM<\/a><\/strong>) en el municipio de Cabrera, demostr\u00f3 su gran fuerza pol\u00edtica en apoyo a la alcald\u00eda encabezada por el alcalde Marlon Arias, realizando una gran rueda de prensa donde particip\u00f3 una considerable cantidad de personas simpatizantes y dirigentes de ese partido.<\/p>\n\n\n\n<p>En dicha rueda de prensa, la presidenta Provincial del PRM, Amada L\u00f3pez, manifest\u00f3 el respaldo al alcalde Marlon Arias tras las elecciones municipales del 18 de Febrero que se vieron viciadas por varias anomal\u00edas en el conteo de los votos nulos.<\/p>\n\n\n\n<ul class=\"wp-block-list\">\n<li><strong>Leer tambi\u00e9n: <\/strong><a href=\"https:\/\/diariodelpais.com\/vea-en-vivo-debate-candidatos-a-senador-por-el-distrito-nacional\/\">https:\/\/diariodelpais.com\/vea-en-vivo-debate-candidatos-a-senador-por-el-distrito-nacional\/<\/a><\/li>\n<\/ul>\n\n\n\n<p>El alcalde Marlon Arias gan\u00f3 las elecciones municipales de Cabrera con 4,001 votos para un porcentaje de 50.01% seg\u00fan el bolet\u00edn 26 emitido por la JCE.<\/p>\n\n\n\n<p>La \u00faltima palabra la tiene el Tribunal Superior Electoral (TSE), que convoc\u00f3 para este martes 5 de marzo a las 9 de la ma\u00f1ana a una audiencia p\u00fablica tras la impugnaci\u00f3n hecha por Arias y el PRM.<\/p>\n\n\n\n<p>El alcalde de Nagua, Junior Peralta, expres\u00f3 que con las incidencias ocurridas en las pasadas elecciones municipales en Cabrera, no cabe duda que Marlon Arias es el alcalde nuevamente electo del municipio de Cabrera.<\/p>\n\n\n\n<p>Estuvieron presentes el presidente del PRM y diputado de la Prov. Mar\u00eda Trinidad S\u00e1nchez, Jorge Cavoli, el diputado de la Prov. Mar\u00eda Trinidad S\u00e1nchez, Napoleon L\u00f3pez Rodr\u00edguez (El Puma), Rafael Almonte (Kico) encargado electoral, Stalin V\u00e1squez candidato a diputado del PRM en MTS, el regidor m\u00e1s votado, Oscar Ru\u00edz, as\u00ed como los regidores Berto Arias, Lewis M\u00e9ndez, Claritza Suero, entre otros.<\/p>\n","protected":false},"excerpt":{"rendered":"<p>El Partido Revolucionario Moderno (PRM) en el municipio de Cabrera, demostr\u00f3 su gran fuerza pol\u00edtica en apoyo a la alcald\u00eda encabezada por el alcalde Marlon Arias, realizando una gran rueda de prensa donde particip\u00f3 una considerable cantidad de personas simpatizantes y dirigentes de ese partido. En dicha rueda de prensa, la presidenta Provincial del PRM, Amada L\u00f3pez, manifest\u00f3 el respaldo al alcalde Marlon Arias tras las elecciones municipales del 18 [&hellip;]<\/p>\n","protected":false},"author":4,"featured_media":331638,"comment_status":"open","ping_status":"open","sticky":false,"template":"","format":"standard","meta":{"_acf_changed":false,"footnotes":""},"categories":[7],"tags":[],"provincia":[],"class_list":["post-331636","post","type-post","status-publish","format-standard","has-post-thumbnail","hentry","category-elecciones-municipales"],"acf":[],"yoast_head":"<!-- This site is optimized with the Yoast SEO Premium plugin v20.7 (Yoast SEO v27.5) - https:\/\/yoast.com\/product\/yoast-seo-premium-wordpress\/ -->\n<title>PRM pide se respete voluntad del pueblo, asegura gan\u00f3 alcald\u00eda de Cabrera - Pa&iacute;s Electoral<\/title>\n<meta name=\"description\" content=\"El Partido Revolucionario Moderno (PRM) en el municipio de Cabrera, demostr\u00f3 su gran fuerza pol\u00edtica en apoyo a la alcald\u00eda encabezada por el alcalde Marlon Arias, realizando una gran rueda de prensa donde particip\u00f3 una considerable cantidad de personas simpatizantes y dirigentes de ese partido.\" \/>\n<meta name=\"robots\" content=\"index, follow, max-snippet:-1, max-image-preview:large, max-video-preview:-1\" \/>\n<link rel=\"canonical\" href=\"https:\/\/diariodelpais.com\/paiselectoral\/prm-pide-se-respete-voluntad-del-pueblo-asegura-gano-alcaldia-de-cabrera\/\" \/>\n<meta property=\"og:locale\" content=\"es_ES\" \/>\n<meta property=\"og:type\" content=\"article\" \/>\n<meta property=\"og:title\" content=\"PRM pide se respete voluntad del pueblo, asegura gan\u00f3 alcald\u00eda de Cabrera\" \/>\n<meta property=\"og:description\" content=\"El Partido Revolucionario Moderno (PRM) en el municipio de Cabrera, demostr\u00f3 su gran fuerza pol\u00edtica en apoyo a la alcald\u00eda encabezada por el alcalde Marlon Arias, realizando una gran rueda de prensa donde particip\u00f3 una considerable cantidad de personas simpatizantes y dirigentes de ese partido.\" \/>\n<meta property=\"og:url\" content=\"https:\/\/diariodelpais.com\/paiselectoral\/prm-pide-se-respete-voluntad-del-pueblo-asegura-gano-alcaldia-de-cabrera\/\" \/>\n<meta property=\"og:site_name\" content=\"Pa&iacute;s Electoral\" \/>\n<meta property=\"article:publisher\" content=\"https:\/\/www.facebook.com\/DiariodelPaisrd\" \/>\n<meta property=\"article:published_time\" content=\"2024-03-05T19:33:42+00:00\" \/>\n<meta property=\"article:modified_time\" content=\"2024-03-05T19:33:43+00:00\" \/>\n<meta property=\"og:image\" content=\"https:\/\/diariodelpais.com\/paiselectoral\/wp-content\/uploads\/2024\/03\/Nueva-portada-1200px-x-900px-33-1.jpg\" \/>\n\t<meta property=\"og:image:width\" content=\"1200\" \/>\n\t<meta property=\"og:image:height\" content=\"900\" \/>\n\t<meta property=\"og:image:type\" content=\"image\/jpeg\" \/>\n<meta name=\"author\" content=\"Jes\u00fas Garc\u00eda\" \/>\n<meta name=\"twitter:card\" content=\"summary_large_image\" \/>\n<meta name=\"twitter:creator\" content=\"@elpaiselectoral\" \/>\n<meta name=\"twitter:site\" content=\"@elpaiselectoral\" \/>\n<meta name=\"twitter:label1\" content=\"Escrito por\" \/>\n\t<meta name=\"twitter:data1\" content=\"Jes\u00fas Garc\u00eda\" \/>\n\t<meta name=\"twitter:label2\" content=\"Tiempo de lectura\" \/>\n\t<meta name=\"twitter:data2\" content=\"2 minutos\" \/>\n<script type=\"application\/ld+json\" class=\"yoast-schema-graph\">{\"@context\":\"https:\\\/\\\/schema.org\",\"@graph\":[{\"@type\":\"Article\",\"@id\":\"https:\\\/\\\/diariodelpais.com\\\/paiselectoral\\\/prm-pide-se-respete-voluntad-del-pueblo-asegura-gano-alcaldia-de-cabrera\\\/#article\",\"isPartOf\":{\"@id\":\"https:\\\/\\\/diariodelpais.com\\\/paiselectoral\\\/prm-pide-se-respete-voluntad-del-pueblo-asegura-gano-alcaldia-de-cabrera\\\/\"},\"author\":{\"name\":\"Jes\u00fas Garc\u00eda\",\"@id\":\"https:\\\/\\\/diariodelpais.com\\\/paiselectoral\\\/#\\\/schema\\\/person\\\/e7844cd89f1e67b3db9827287b49f008\"},\"headline\":\"PRM pide se respete voluntad del pueblo, asegura gan\u00f3 alcald\u00eda de Cabrera\",\"datePublished\":\"2024-03-05T19:33:42+00:00\",\"dateModified\":\"2024-03-05T19:33:43+00:00\",\"mainEntityOfPage\":{\"@id\":\"https:\\\/\\\/diariodelpais.com\\\/paiselectoral\\\/prm-pide-se-respete-voluntad-del-pueblo-asegura-gano-alcaldia-de-cabrera\\\/\"},\"wordCount\":277,\"commentCount\":0,\"publisher\":{\"@id\":\"https:\\\/\\\/diariodelpais.com\\\/paiselectoral\\\/#organization\"},\"image\":{\"@id\":\"https:\\\/\\\/diariodelpais.com\\\/paiselectoral\\\/prm-pide-se-respete-voluntad-del-pueblo-asegura-gano-alcaldia-de-cabrera\\\/#primaryimage\"},\"thumbnailUrl\":\"https:\\\/\\\/diariodelpais.com\\\/paiselectoral\\\/wp-content\\\/uploads\\\/2024\\\/03\\\/Nueva-portada-1200px-x-900px-33-1.jpg\",\"articleSection\":[\"Elecciones Municipales\"],\"inLanguage\":\"es\",\"potentialAction\":[{\"@type\":\"CommentAction\",\"name\":\"Comment\",\"target\":[\"https:\\\/\\\/diariodelpais.com\\\/paiselectoral\\\/prm-pide-se-respete-voluntad-del-pueblo-asegura-gano-alcaldia-de-cabrera\\\/#respond\"]}],\"copyrightYear\":\"2024\",\"copyrightHolder\":{\"@id\":\"https:\\\/\\\/diariodelpais.com\\\/paiselectoral\\\/#organization\"}},{\"@type\":\"WebPage\",\"@id\":\"https:\\\/\\\/diariodelpais.com\\\/paiselectoral\\\/prm-pide-se-respete-voluntad-del-pueblo-asegura-gano-alcaldia-de-cabrera\\\/\",\"url\":\"https:\\\/\\\/diariodelpais.com\\\/paiselectoral\\\/prm-pide-se-respete-voluntad-del-pueblo-asegura-gano-alcaldia-de-cabrera\\\/\",\"name\":\"PRM pide se respete voluntad del pueblo, asegura gan\u00f3 alcald\u00eda de Cabrera - Pa&iacute;s Electoral\",\"isPartOf\":{\"@id\":\"https:\\\/\\\/diariodelpais.com\\\/paiselectoral\\\/#website\"},\"primaryImageOfPage\":{\"@id\":\"https:\\\/\\\/diariodelpais.com\\\/paiselectoral\\\/prm-pide-se-respete-voluntad-del-pueblo-asegura-gano-alcaldia-de-cabrera\\\/#primaryimage\"},\"image\":{\"@id\":\"https:\\\/\\\/diariodelpais.com\\\/paiselectoral\\\/prm-pide-se-respete-voluntad-del-pueblo-asegura-gano-alcaldia-de-cabrera\\\/#primaryimage\"},\"thumbnailUrl\":\"https:\\\/\\\/diariodelpais.com\\\/paiselectoral\\\/wp-content\\\/uploads\\\/2024\\\/03\\\/Nueva-portada-1200px-x-900px-33-1.jpg\",\"datePublished\":\"2024-03-05T19:33:42+00:00\",\"dateModified\":\"2024-03-05T19:33:43+00:00\",\"description\":\"El Partido Revolucionario Moderno (PRM) en el municipio de Cabrera, demostr\u00f3 su gran fuerza pol\u00edtica en apoyo a la alcald\u00eda encabezada por el alcalde Marlon Arias, realizando una gran rueda de prensa donde particip\u00f3 una considerable cantidad de personas simpatizantes y dirigentes de ese partido.\",\"breadcrumb\":{\"@id\":\"https:\\\/\\\/diariodelpais.com\\\/paiselectoral\\\/prm-pide-se-respete-voluntad-del-pueblo-asegura-gano-alcaldia-de-cabrera\\\/#breadcrumb\"},\"inLanguage\":\"es\",\"potentialAction\":[{\"@type\":\"ReadAction\",\"target\":[\"https:\\\/\\\/diariodelpais.com\\\/paiselectoral\\\/prm-pide-se-respete-voluntad-del-pueblo-asegura-gano-alcaldia-de-cabrera\\\/\"]}]},{\"@type\":\"ImageObject\",\"inLanguage\":\"es\",\"@id\":\"https:\\\/\\\/diariodelpais.com\\\/paiselectoral\\\/prm-pide-se-respete-voluntad-del-pueblo-asegura-gano-alcaldia-de-cabrera\\\/#primaryimage\",\"url\":\"https:\\\/\\\/diariodelpais.com\\\/paiselectoral\\\/wp-content\\\/uploads\\\/2024\\\/03\\\/Nueva-portada-1200px-x-900px-33-1.jpg\",\"contentUrl\":\"https:\\\/\\\/diariodelpais.com\\\/paiselectoral\\\/wp-content\\\/uploads\\\/2024\\\/03\\\/Nueva-portada-1200px-x-900px-33-1.jpg\",\"width\":1200,\"height\":900,\"caption\":\"PRM pide se respete voluntad del pueblo, asegura gan\u00f3 alcald\u00eda de Cabrera\"},{\"@type\":\"BreadcrumbList\",\"@id\":\"https:\\\/\\\/diariodelpais.com\\\/paiselectoral\\\/prm-pide-se-respete-voluntad-del-pueblo-asegura-gano-alcaldia-de-cabrera\\\/#breadcrumb\",\"itemListElement\":[{\"@type\":\"ListItem\",\"position\":1,\"name\":\"Portada\",\"item\":\"https:\\\/\\\/diariodelpais.com\\\/paiselectoral\\\/\"},{\"@type\":\"ListItem\",\"position\":2,\"name\":\"PRM pide se respete voluntad del pueblo, asegura gan\u00f3 alcald\u00eda de Cabrera\"}]},{\"@type\":\"WebSite\",\"@id\":\"https:\\\/\\\/diariodelpais.com\\\/paiselectoral\\\/#website\",\"url\":\"https:\\\/\\\/diariodelpais.com\\\/paiselectoral\\\/\",\"name\":\"Pa\u00eds Electoral - Diario Del Pa\u00eds\",\"description\":\"Procesos electorales de la Rep. Dominicana\",\"publisher\":{\"@id\":\"https:\\\/\\\/diariodelpais.com\\\/paiselectoral\\\/#organization\"},\"alternateName\":\"Pa\u00eds Electoral\",\"potentialAction\":[{\"@type\":\"SearchAction\",\"target\":{\"@type\":\"EntryPoint\",\"urlTemplate\":\"https:\\\/\\\/diariodelpais.com\\\/paiselectoral\\\/?s={search_term_string}\"},\"query-input\":{\"@type\":\"PropertyValueSpecification\",\"valueRequired\":true,\"valueName\":\"search_term_string\"}}],\"inLanguage\":\"es\"},{\"@type\":[\"Organization\",\"Place\"],\"@id\":\"https:\\\/\\\/diariodelpais.com\\\/paiselectoral\\\/#organization\",\"name\":\"Diario Del Pa\u00eds\",\"url\":\"https:\\\/\\\/diariodelpais.com\\\/paiselectoral\\\/\",\"logo\":{\"@id\":\"https:\\\/\\\/diariodelpais.com\\\/paiselectoral\\\/prm-pide-se-respete-voluntad-del-pueblo-asegura-gano-alcaldia-de-cabrera\\\/#local-main-organization-logo\"},\"image\":{\"@id\":\"https:\\\/\\\/diariodelpais.com\\\/paiselectoral\\\/prm-pide-se-respete-voluntad-del-pueblo-asegura-gano-alcaldia-de-cabrera\\\/#local-main-organization-logo\"},\"sameAs\":[\"https:\\\/\\\/www.facebook.com\\\/DiariodelPaisrd\",\"https:\\\/\\\/x.com\\\/elpaiselectoral\",\"https:\\\/\\\/www.instagram.com\\\/diariodelpaisrd\\\/\"],\"openingHoursSpecification\":[{\"@type\":\"OpeningHoursSpecification\",\"dayOfWeek\":[\"Monday\",\"Tuesday\",\"Wednesday\",\"Thursday\",\"Friday\",\"Saturday\",\"Sunday\"],\"opens\":\"09:00\",\"closes\":\"17:00\"}]},{\"@type\":\"Person\",\"@id\":\"https:\\\/\\\/diariodelpais.com\\\/paiselectoral\\\/#\\\/schema\\\/person\\\/e7844cd89f1e67b3db9827287b49f008\",\"name\":\"Jes\u00fas Garc\u00eda\",\"image\":{\"@type\":\"ImageObject\",\"inLanguage\":\"es\",\"@id\":\"https:\\\/\\\/secure.gravatar.com\\\/avatar\\\/1fbc16e151b8fd87540aa51d8be2486afe8b60a0f1538881399e3b628e34409a?s=96&d=mm&r=g\",\"url\":\"https:\\\/\\\/secure.gravatar.com\\\/avatar\\\/1fbc16e151b8fd87540aa51d8be2486afe8b60a0f1538881399e3b628e34409a?s=96&d=mm&r=g\",\"contentUrl\":\"https:\\\/\\\/secure.gravatar.com\\\/avatar\\\/1fbc16e151b8fd87540aa51d8be2486afe8b60a0f1538881399e3b628e34409a?s=96&d=mm&r=g\",\"caption\":\"Jes\u00fas Garc\u00eda\"},\"url\":\"https:\\\/\\\/diariodelpais.com\\\/paiselectoral\\\/author\\\/jesus\\\/\"},{\"@type\":\"ImageObject\",\"inLanguage\":\"es\",\"@id\":\"https:\\\/\\\/diariodelpais.com\\\/paiselectoral\\\/prm-pide-se-respete-voluntad-del-pueblo-asegura-gano-alcaldia-de-cabrera\\\/#local-main-organization-logo\",\"url\":\"https:\\\/\\\/diariodelpais.com\\\/paiselectoral\\\/wp-content\\\/uploads\\\/2023\\\/07\\\/Pais-electoral.svg\",\"contentUrl\":\"https:\\\/\\\/diariodelpais.com\\\/paiselectoral\\\/wp-content\\\/uploads\\\/2023\\\/07\\\/Pais-electoral.svg\",\"caption\":\"Diario Del Pa\u00eds\"}]}<\/script>\n<!-- \/ Yoast SEO Premium plugin. -->","yoast_head_json":{"title":"PRM pide se respete voluntad del pueblo, asegura gan\u00f3 alcald\u00eda de Cabrera - Pa&iacute;s Electoral","description":"El Partido Revolucionario Moderno (PRM) en el municipio de Cabrera, demostr\u00f3 su gran fuerza pol\u00edtica en apoyo a la alcald\u00eda encabezada por el alcalde Marlon Arias, realizando una gran rueda de prensa donde particip\u00f3 una considerable cantidad de personas simpatizantes y dirigentes de ese partido.","robots":{"index":"index","follow":"follow","max-snippet":"max-snippet:-1","max-image-preview":"max-image-preview:large","max-video-preview":"max-video-preview:-1"},"canonical":"https:\/\/diariodelpais.com\/paiselectoral\/prm-pide-se-respete-voluntad-del-pueblo-asegura-gano-alcaldia-de-cabrera\/","og_locale":"es_ES","og_type":"article","og_title":"PRM pide se respete voluntad del pueblo, asegura gan\u00f3 alcald\u00eda de Cabrera","og_description":"El Partido Revolucionario Moderno (PRM) en el municipio de Cabrera, demostr\u00f3 su gran fuerza pol\u00edtica en apoyo a la alcald\u00eda encabezada por el alcalde Marlon Arias, realizando una gran rueda de prensa donde particip\u00f3 una considerable cantidad de personas simpatizantes y dirigentes de ese partido.","og_url":"https:\/\/diariodelpais.com\/paiselectoral\/prm-pide-se-respete-voluntad-del-pueblo-asegura-gano-alcaldia-de-cabrera\/","og_site_name":"Pa&iacute;s Electoral","article_publisher":"https:\/\/www.facebook.com\/DiariodelPaisrd","article_published_time":"2024-03-05T19:33:42+00:00","article_modified_time":"2024-03-05T19:33:43+00:00","og_image":[{"width":1200,"height":900,"url":"https:\/\/diariodelpais.com\/paiselectoral\/wp-content\/uploads\/2024\/03\/Nueva-portada-1200px-x-900px-33-1.jpg","type":"image\/jpeg"}],"author":"Jes\u00fas Garc\u00eda","twitter_card":"summary_large_image","twitter_creator":"@elpaiselectoral","twitter_site":"@elpaiselectoral","twitter_misc":{"Escrito por":"Jes\u00fas Garc\u00eda","Tiempo de lectura":"2 minutos"},"schema":{"@context":"https:\/\/schema.org","@graph":[{"@type":"Article","@id":"https:\/\/diariodelpais.com\/paiselectoral\/prm-pide-se-respete-voluntad-del-pueblo-asegura-gano-alcaldia-de-cabrera\/#article","isPartOf":{"@id":"https:\/\/diariodelpais.com\/paiselectoral\/prm-pide-se-respete-voluntad-del-pueblo-asegura-gano-alcaldia-de-cabrera\/"},"author":{"name":"Jes\u00fas Garc\u00eda","@id":"https:\/\/diariodelpais.com\/paiselectoral\/#\/schema\/person\/e7844cd89f1e67b3db9827287b49f008"},"headline":"PRM pide se respete voluntad del pueblo, asegura gan\u00f3 alcald\u00eda de Cabrera","datePublished":"2024-03-05T19:33:42+00:00","dateModified":"2024-03-05T19:33:43+00:00","mainEntityOfPage":{"@id":"https:\/\/diariodelpais.com\/paiselectoral\/prm-pide-se-respete-voluntad-del-pueblo-asegura-gano-alcaldia-de-cabrera\/"},"wordCount":277,"commentCount":0,"publisher":{"@id":"https:\/\/diariodelpais.com\/paiselectoral\/#organization"},"image":{"@id":"https:\/\/diariodelpais.com\/paiselectoral\/prm-pide-se-respete-voluntad-del-pueblo-asegura-gano-alcaldia-de-cabrera\/#primaryimage"},"thumbnailUrl":"https:\/\/diariodelpais.com\/paiselectoral\/wp-content\/uploads\/2024\/03\/Nueva-portada-1200px-x-900px-33-1.jpg","articleSection":["Elecciones Municipales"],"inLanguage":"es","potentialAction":[{"@type":"CommentAction","name":"Comment","target":["https:\/\/diariodelpais.com\/paiselectoral\/prm-pide-se-respete-voluntad-del-pueblo-asegura-gano-alcaldia-de-cabrera\/#respond"]}],"copyrightYear":"2024","copyrightHolder":{"@id":"https:\/\/diariodelpais.com\/paiselectoral\/#organization"}},{"@type":"WebPage","@id":"https:\/\/diariodelpais.com\/paiselectoral\/prm-pide-se-respete-voluntad-del-pueblo-asegura-gano-alcaldia-de-cabrera\/","url":"https:\/\/diariodelpais.com\/paiselectoral\/prm-pide-se-respete-voluntad-del-pueblo-asegura-gano-alcaldia-de-cabrera\/","name":"PRM pide se respete voluntad del pueblo, asegura gan\u00f3 alcald\u00eda de Cabrera - Pa&iacute;s Electoral","isPartOf":{"@id":"https:\/\/diariodelpais.com\/paiselectoral\/#website"},"primaryImageOfPage":{"@id":"https:\/\/diariodelpais.com\/paiselectoral\/prm-pide-se-respete-voluntad-del-pueblo-asegura-gano-alcaldia-de-cabrera\/#primaryimage"},"image":{"@id":"https:\/\/diariodelpais.com\/paiselectoral\/prm-pide-se-respete-voluntad-del-pueblo-asegura-gano-alcaldia-de-cabrera\/#primaryimage"},"thumbnailUrl":"https:\/\/diariodelpais.com\/paiselectoral\/wp-content\/uploads\/2024\/03\/Nueva-portada-1200px-x-900px-33-1.jpg","datePublished":"2024-03-05T19:33:42+00:00","dateModified":"2024-03-05T19:33:43+00:00","description":"El Partido Revolucionario Moderno (PRM) en el municipio de Cabrera, demostr\u00f3 su gran fuerza pol\u00edtica en apoyo a la alcald\u00eda encabezada por el alcalde Marlon Arias, realizando una gran rueda de prensa donde particip\u00f3 una considerable cantidad de personas simpatizantes y dirigentes de ese partido.","breadcrumb":{"@id":"https:\/\/diariodelpais.com\/paiselectoral\/prm-pide-se-respete-voluntad-del-pueblo-asegura-gano-alcaldia-de-cabrera\/#breadcrumb"},"inLanguage":"es","potentialAction":[{"@type":"ReadAction","target":["https:\/\/diariodelpais.com\/paiselectoral\/prm-pide-se-respete-voluntad-del-pueblo-asegura-gano-alcaldia-de-cabrera\/"]}]},{"@type":"ImageObject","inLanguage":"es","@id":"https:\/\/diariodelpais.com\/paiselectoral\/prm-pide-se-respete-voluntad-del-pueblo-asegura-gano-alcaldia-de-cabrera\/#primaryimage","url":"https:\/\/diariodelpais.com\/paiselectoral\/wp-content\/uploads\/2024\/03\/Nueva-portada-1200px-x-900px-33-1.jpg","contentUrl":"https:\/\/diariodelpais.com\/paiselectoral\/wp-content\/uploads\/2024\/03\/Nueva-portada-1200px-x-900px-33-1.jpg","width":1200,"height":900,"caption":"PRM pide se respete voluntad del pueblo, asegura gan\u00f3 alcald\u00eda de Cabrera"},{"@type":"BreadcrumbList","@id":"https:\/\/diariodelpais.com\/paiselectoral\/prm-pide-se-respete-voluntad-del-pueblo-asegura-gano-alcaldia-de-cabrera\/#breadcrumb","itemListElement":[{"@type":"ListItem","position":1,"name":"Portada","item":"https:\/\/diariodelpais.com\/paiselectoral\/"},{"@type":"ListItem","position":2,"name":"PRM pide se respete voluntad del pueblo, asegura gan\u00f3 alcald\u00eda de Cabrera"}]},{"@type":"WebSite","@id":"https:\/\/diariodelpais.com\/paiselectoral\/#website","url":"https:\/\/diariodelpais.com\/paiselectoral\/","name":"Pa\u00eds Electoral - Diario Del Pa\u00eds","description":"Procesos electorales de la Rep. Dominicana","publisher":{"@id":"https:\/\/diariodelpais.com\/paiselectoral\/#organization"},"alternateName":"Pa\u00eds Electoral","potentialAction":[{"@type":"SearchAction","target":{"@type":"EntryPoint","urlTemplate":"https:\/\/diariodelpais.com\/paiselectoral\/?s={search_term_string}"},"query-input":{"@type":"PropertyValueSpecification","valueRequired":true,"valueName":"search_term_string"}}],"inLanguage":"es"},{"@type":["Organization","Place"],"@id":"https:\/\/diariodelpais.com\/paiselectoral\/#organization","name":"Diario Del Pa\u00eds","url":"https:\/\/diariodelpais.com\/paiselectoral\/","logo":{"@id":"https:\/\/diariodelpais.com\/paiselectoral\/prm-pide-se-respete-voluntad-del-pueblo-asegura-gano-alcaldia-de-cabrera\/#local-main-organization-logo"},"image":{"@id":"https:\/\/diariodelpais.com\/paiselectoral\/prm-pide-se-respete-voluntad-del-pueblo-asegura-gano-alcaldia-de-cabrera\/#local-main-organization-logo"},"sameAs":["https:\/\/www.facebook.com\/DiariodelPaisrd","https:\/\/x.com\/elpaiselectoral","https:\/\/www.instagram.com\/diariodelpaisrd\/"],"openingHoursSpecification":[{"@type":"OpeningHoursSpecification","dayOfWeek":["Monday","Tuesday","Wednesday","Thursday","Friday","Saturday","Sunday"],"opens":"09:00","closes":"17:00"}]},{"@type":"Person","@id":"https:\/\/diariodelpais.com\/paiselectoral\/#\/schema\/person\/e7844cd89f1e67b3db9827287b49f008","name":"Jes\u00fas Garc\u00eda","image":{"@type":"ImageObject","inLanguage":"es","@id":"https:\/\/secure.gravatar.com\/avatar\/1fbc16e151b8fd87540aa51d8be2486afe8b60a0f1538881399e3b628e34409a?s=96&d=mm&r=g","url":"https:\/\/secure.gravatar.com\/avatar\/1fbc16e151b8fd87540aa51d8be2486afe8b60a0f1538881399e3b628e34409a?s=96&d=mm&r=g","contentUrl":"https:\/\/secure.gravatar.com\/avatar\/1fbc16e151b8fd87540aa51d8be2486afe8b60a0f1538881399e3b628e34409a?s=96&d=mm&r=g","caption":"Jes\u00fas Garc\u00eda"},"url":"https:\/\/diariodelpais.com\/paiselectoral\/author\/jesus\/"},{"@type":"ImageObject","inLanguage":"es","@id":"https:\/\/diariodelpais.com\/paiselectoral\/prm-pide-se-respete-voluntad-del-pueblo-asegura-gano-alcaldia-de-cabrera\/#local-main-organization-logo","url":"https:\/\/diariodelpais.com\/paiselectoral\/wp-content\/uploads\/2023\/07\/Pais-electoral.svg","contentUrl":"https:\/\/diariodelpais.com\/paiselectoral\/wp-content\/uploads\/2023\/07\/Pais-electoral.svg","caption":"Diario Del Pa\u00eds"}]}},"_links":{"self":[{"href":"https:\/\/diariodelpais.com\/paiselectoral\/wp-json\/wp\/v2\/posts\/331636","targetHints":{"allow":["GET"]}}],"collection":[{"href":"https:\/\/diariodelpais.com\/paiselectoral\/wp-json\/wp\/v2\/posts"}],"about":[{"href":"https:\/\/diariodelpais.com\/paiselectoral\/wp-json\/wp\/v2\/types\/post"}],"author":[{"embeddable":true,"href":"https:\/\/diariodelpais.com\/paiselectoral\/wp-json\/wp\/v2\/users\/4"}],"replies":[{"embeddable":true,"href":"https:\/\/diariodelpais.com\/paiselectoral\/wp-json\/wp\/v2\/comments?post=331636"}],"version-history":[{"count":1,"href":"https:\/\/diariodelpais.com\/paiselectoral\/wp-json\/wp\/v2\/posts\/331636\/revisions"}],"predecessor-version":[{"id":331639,"href":"https:\/\/diariodelpais.com\/paiselectoral\/wp-json\/wp\/v2\/posts\/331636\/revisions\/331639"}],"wp:featuredmedia":[{"embeddable":true,"href":"https:\/\/diariodelpais.com\/paiselectoral\/wp-json\/wp\/v2\/media\/331638"}],"wp:attachment":[{"href":"https:\/\/diariodelpais.com\/paiselectoral\/wp-json\/wp\/v2\/media?parent=331636"}],"wp:term":[{"taxonomy":"category","embeddable":true,"href":"https:\/\/diariodelpais.com\/paiselectoral\/wp-json\/wp\/v2\/categories?post=331636"},{"taxonomy":"post_tag","embeddable":true,"href":"https:\/\/diariodelpais.com\/paiselectoral\/wp-json\/wp\/v2\/tags?post=331636"},{"taxonomy":"provincia","embeddable":true,"href":"https:\/\/diariodelpais.com\/paiselectoral\/wp-json\/wp\/v2\/provincia?post=331636"}],"curies":[{"name":"wp","href":"https:\/\/api.w.org\/{rel}","templated":true}]}}