{"id":1294,"date":"2023-10-11T14:17:15","date_gmt":"2023-10-11T14:17:15","guid":{"rendered":"https:\/\/diariodelpais.com\/paiselectoral\/?p=1294"},"modified":"2023-10-11T14:17:16","modified_gmt":"2023-10-11T14:17:16","slug":"15-alcaldes-del-prm-pierden-procesos-internos-del-partido","status":"publish","type":"post","link":"https:\/\/diariodelpais.com\/paiselectoral\/15-alcaldes-del-prm-pierden-procesos-internos-del-partido\/","title":{"rendered":"15 alcaldes del PRM pierden procesos internos del partido"},"content":{"rendered":"\n<p>En un giro sorprendente, alrededor de 15 alcaldes y directores distritales del gobernante<strong><a href=\"https:\/\/prm.org.do\/\"> Partido Revolucionario Moderno<\/a><\/strong> (<strong>PRM<\/strong>) han perdido sus procesos internos, tanto sometidos a evaluaciones de encuestas como por el voto de las bases. <\/p>\n\n\n\n<ul class=\"wp-block-list\">\n<li><strong>Leer tambi\u00e9n:<\/strong> <a href=\"https:\/\/diariodelpais.com\/inicia-reunion-del-consejo-nacional-de-la-magistratura-para-sustituir-jueces-y-modificar-reglamento\/\">https:\/\/diariodelpais.com\/inicia-reunion-del-consejo-nacional-de-la-magistratura-para-sustituir-jueces-y-modificar-reglamento\/<\/a><\/li>\n<\/ul>\n\n\n\n<p>Estos resultados han dejado a los ediles en una posici\u00f3n precaria, ya que ni siquiera pudieron superar las pruebas dentro de su propia organizaci\u00f3n, a pesar de tener la ventaja del presupuesto municipal y el poder pol\u00edtico local.<\/p>\n\n\n\n<p>Las elecciones internas del PRM han afectado a figuras pol\u00edticas destacadas, incluyendo a Siqui\u00f3 NG de la Rosa, Manuel Jim\u00e9nez, Jos\u00e9 Mont\u00e1s y Jos\u00e9 And\u00fajar, entre otros.<\/p>\n\n\n\n<p>Dos alcaldes del PRM sometidos al escrutinio de las bases tambi\u00e9n han perdido en este proceso: Manuel Jim\u00e9nez, de Santo Domingo Este, fue vencido por D\u00edo Astacio, mientras que Jos\u00e9 And\u00fajar, de Santo Domingo Oeste, fue eliminado por Francisco Pe\u00f1a.<\/p>\n\n\n\n<p>Los candidatos electos por encuestas se seleccionaron a trav\u00e9s de sondeos de opini\u00f3n realizados por las firmas IPSOS, el Centro Econ\u00f3mico del Cibao y Gallup, abarcando aspirantes a alcaldes, directores distritales, senadores y diputados.<\/p>\n\n\n\n<h2 class=\"wp-block-heading\" id=\"h-a-continuacion-se-presentan-algunos-de-los-alcaldes-y-directores-distritales-que-perdieron-en-las-elecciones-internas-del-prm\"><strong>A continuaci\u00f3n, se presentan algunos de los alcaldes y directores distritales que perdieron en las elecciones internas del PRM:<\/strong><\/h2>\n\n\n\n<ul class=\"wp-block-list\">\n<li>En Villa Bison\u00f3-Navarrete, Henry Noel Peralta Reyes gan\u00f3 la contienda al alcalde Leonardo Antonio Bueno Guzm\u00e1n.<\/li>\n\n\n\n<li>En el distrito municipal Las Canelas (Santiago), Carmen Rita L\u00f3pez Hern\u00e1ndez derrot\u00f3 al director distrital Francisco Eddy Ch\u00e1vez Peralta.<\/li>\n\n\n\n<li>Siqui\u00f3 NG de la Rosa, un destacado dirigente perremeista, perdi\u00f3 la nominaci\u00f3n a la alcald\u00eda de San Francisco de Macor\u00eds ante Antonio D\u00edaz Paulino.<\/li>\n\n\n\n<li>En el distrito municipal Cenovi (San Francisco de Macor\u00eds), Ram\u00f3n Antonio Arias Hern\u00e1ndez se impuso al edil Jorge Polanco Mosquea.<\/li>\n\n\n\n<li>En El\u00edas Pi\u00f1a, Julio Altagracia N\u00fa\u00f1ez P\u00e9rez no ser\u00e1 postulado a la reelecci\u00f3n, ya que el PRM estar\u00e1 representado por Liriano Morillo Valdez.<\/li>\n\n\n\n<li>Luis Joher Francisco Francisco gan\u00f3 la contienda para aspirar a la alcald\u00eda de Altamira, derrotando al edil Jorge Adalberto Ram\u00edrez Henr\u00edquez.<\/li>\n\n\n\n<li>En Constanza, Francisco Antonio Martes Hern\u00e1ndez se convierte en el nuevo candidato del PRM, al derrotar en las encuestas a Juan Agust\u00edn Luna Lara.<\/li>\n\n\n\n<li>En el distrito municipal R\u00edo Verde Arriba (La Vega), Robert Donald Tolentino derrot\u00f3 al edil Antonio Manuel Gonz\u00e1lez.<\/li>\n\n\n\n<li>Eliseo Pe\u00f1a Jim\u00e9nez ser\u00e1 el candidato a alcalde por el municipio Villa Las Matas, al ganar internamente a Miguel Antonio Mart\u00ednez Rond\u00f3n.<\/li>\n\n\n\n<li>En Quisqueya, Carlos Jorge Tavarez Melo venci\u00f3 al s\u00edndico Richard Rafael Montilla.<\/li>\n\n\n\n<li>En Pedernales, el alcalde Andr\u00e9s Emilio Jim\u00e9nez S\u00e1nchez perdi\u00f3 ante Alfredo Frances Ortiz.<\/li>\n\n\n\n<li>En San Crist\u00f3bal, Dioniso de la Rosa derrot\u00f3 al alcalde Jos\u00e9 Mont\u00e1s.<\/li>\n\n\n\n<li>Miguel \u00c1ngel Pe\u00f1a Pozo no podr\u00e1 postularse nuevamente en el distrito municipal El Carril (San Crist\u00f3bal), tras perder internamente ante Juan Manuel Cerron.<\/li>\n<\/ul>\n","protected":false},"excerpt":{"rendered":"<p>En un giro sorprendente, alrededor de 15 alcaldes y directores distritales del gobernante Partido Revolucionario Moderno (PRM) han perdido sus procesos internos, tanto sometidos a evaluaciones de encuestas como por el voto de las bases. Estos resultados han dejado a los ediles en una posici\u00f3n precaria, ya que ni siquiera pudieron superar las pruebas dentro de su propia organizaci\u00f3n, a pesar de tener la ventaja del presupuesto municipal y el [&hellip;]<\/p>\n","protected":false},"author":4,"featured_media":1296,"comment_status":"open","ping_status":"open","sticky":false,"template":"","format":"standard","meta":{"_acf_changed":false,"footnotes":""},"categories":[3],"tags":[],"provincia":[],"class_list":["post-1294","post","type-post","status-publish","format-standard","has-post-thumbnail","hentry","category-destacado"],"acf":[],"yoast_head":"<!-- This site is optimized with the Yoast SEO Premium plugin v20.7 (Yoast SEO v27.4) - https:\/\/yoast.com\/product\/yoast-seo-premium-wordpress\/ -->\n<title>15 alcaldes del PRM pierden procesos internos del partido - Pa&iacute;s Electoral<\/title>\n<meta name=\"robots\" content=\"index, follow, max-snippet:-1, max-image-preview:large, max-video-preview:-1\" \/>\n<link rel=\"canonical\" href=\"https:\/\/diariodelpais.com\/paiselectoral\/15-alcaldes-del-prm-pierden-procesos-internos-del-partido\/\" \/>\n<meta property=\"og:locale\" content=\"es_ES\" \/>\n<meta property=\"og:type\" content=\"article\" \/>\n<meta property=\"og:title\" content=\"15 alcaldes del PRM pierden procesos internos del partido\" \/>\n<meta property=\"og:description\" content=\"En un giro sorprendente, alrededor de 15 alcaldes y directores distritales del gobernante Partido Revolucionario Moderno (PRM) han perdido sus procesos internos, tanto sometidos a evaluaciones de encuestas como por el voto de las bases. Estos resultados han dejado a los ediles en una posici\u00f3n precaria, ya que ni siquiera pudieron superar las pruebas dentro de su propia organizaci\u00f3n, a pesar de tener la ventaja del presupuesto municipal y el [&hellip;]\" \/>\n<meta property=\"og:url\" content=\"https:\/\/diariodelpais.com\/paiselectoral\/15-alcaldes-del-prm-pierden-procesos-internos-del-partido\/\" \/>\n<meta property=\"og:site_name\" content=\"Pa&iacute;s Electoral\" \/>\n<meta property=\"article:publisher\" content=\"https:\/\/www.facebook.com\/DiariodelPaisrd\" \/>\n<meta property=\"article:published_time\" content=\"2023-10-11T14:17:15+00:00\" \/>\n<meta property=\"article:modified_time\" content=\"2023-10-11T14:17:16+00:00\" \/>\n<meta property=\"og:image\" content=\"https:\/\/diariodelpais.com\/paiselectoral\/wp-content\/uploads\/2023\/10\/portada-web-640-x-426-2023-10-11T101227.322-1.jpg\" \/>\n\t<meta property=\"og:image:width\" content=\"640\" \/>\n\t<meta property=\"og:image:height\" content=\"426\" \/>\n\t<meta property=\"og:image:type\" content=\"image\/jpeg\" \/>\n<meta name=\"author\" content=\"Jes\u00fas Garc\u00eda\" \/>\n<meta name=\"twitter:card\" content=\"summary_large_image\" \/>\n<meta name=\"twitter:creator\" content=\"@elpaiselectoral\" \/>\n<meta name=\"twitter:site\" content=\"@elpaiselectoral\" \/>\n<meta name=\"twitter:label1\" content=\"Escrito por\" \/>\n\t<meta name=\"twitter:data1\" content=\"Jes\u00fas Garc\u00eda\" \/>\n\t<meta name=\"twitter:label2\" content=\"Tiempo de lectura\" \/>\n\t<meta name=\"twitter:data2\" content=\"3 minutos\" \/>\n<script type=\"application\/ld+json\" class=\"yoast-schema-graph\">{\"@context\":\"https:\\\/\\\/schema.org\",\"@graph\":[{\"@type\":\"Article\",\"@id\":\"https:\\\/\\\/diariodelpais.com\\\/paiselectoral\\\/15-alcaldes-del-prm-pierden-procesos-internos-del-partido\\\/#article\",\"isPartOf\":{\"@id\":\"https:\\\/\\\/diariodelpais.com\\\/paiselectoral\\\/15-alcaldes-del-prm-pierden-procesos-internos-del-partido\\\/\"},\"author\":{\"name\":\"Jes\u00fas Garc\u00eda\",\"@id\":\"https:\\\/\\\/diariodelpais.com\\\/paiselectoral\\\/#\\\/schema\\\/person\\\/e7844cd89f1e67b3db9827287b49f008\"},\"headline\":\"15 alcaldes del PRM pierden procesos internos del partido\",\"datePublished\":\"2023-10-11T14:17:15+00:00\",\"dateModified\":\"2023-10-11T14:17:16+00:00\",\"mainEntityOfPage\":{\"@id\":\"https:\\\/\\\/diariodelpais.com\\\/paiselectoral\\\/15-alcaldes-del-prm-pierden-procesos-internos-del-partido\\\/\"},\"wordCount\":506,\"commentCount\":0,\"publisher\":{\"@id\":\"https:\\\/\\\/diariodelpais.com\\\/paiselectoral\\\/#organization\"},\"image\":{\"@id\":\"https:\\\/\\\/diariodelpais.com\\\/paiselectoral\\\/15-alcaldes-del-prm-pierden-procesos-internos-del-partido\\\/#primaryimage\"},\"thumbnailUrl\":\"https:\\\/\\\/diariodelpais.com\\\/paiselectoral\\\/wp-content\\\/uploads\\\/2023\\\/10\\\/portada-web-640-x-426-2023-10-11T101227.322-1.jpg\",\"articleSection\":[\"destacado\"],\"inLanguage\":\"es\",\"potentialAction\":[{\"@type\":\"CommentAction\",\"name\":\"Comment\",\"target\":[\"https:\\\/\\\/diariodelpais.com\\\/paiselectoral\\\/15-alcaldes-del-prm-pierden-procesos-internos-del-partido\\\/#respond\"]}],\"copyrightYear\":\"2023\",\"copyrightHolder\":{\"@id\":\"https:\\\/\\\/diariodelpais.com\\\/paiselectoral\\\/#organization\"}},{\"@type\":\"WebPage\",\"@id\":\"https:\\\/\\\/diariodelpais.com\\\/paiselectoral\\\/15-alcaldes-del-prm-pierden-procesos-internos-del-partido\\\/\",\"url\":\"https:\\\/\\\/diariodelpais.com\\\/paiselectoral\\\/15-alcaldes-del-prm-pierden-procesos-internos-del-partido\\\/\",\"name\":\"15 alcaldes del PRM pierden procesos internos del partido - Pa&iacute;s Electoral\",\"isPartOf\":{\"@id\":\"https:\\\/\\\/diariodelpais.com\\\/paiselectoral\\\/#website\"},\"primaryImageOfPage\":{\"@id\":\"https:\\\/\\\/diariodelpais.com\\\/paiselectoral\\\/15-alcaldes-del-prm-pierden-procesos-internos-del-partido\\\/#primaryimage\"},\"image\":{\"@id\":\"https:\\\/\\\/diariodelpais.com\\\/paiselectoral\\\/15-alcaldes-del-prm-pierden-procesos-internos-del-partido\\\/#primaryimage\"},\"thumbnailUrl\":\"https:\\\/\\\/diariodelpais.com\\\/paiselectoral\\\/wp-content\\\/uploads\\\/2023\\\/10\\\/portada-web-640-x-426-2023-10-11T101227.322-1.jpg\",\"datePublished\":\"2023-10-11T14:17:15+00:00\",\"dateModified\":\"2023-10-11T14:17:16+00:00\",\"breadcrumb\":{\"@id\":\"https:\\\/\\\/diariodelpais.com\\\/paiselectoral\\\/15-alcaldes-del-prm-pierden-procesos-internos-del-partido\\\/#breadcrumb\"},\"inLanguage\":\"es\",\"potentialAction\":[{\"@type\":\"ReadAction\",\"target\":[\"https:\\\/\\\/diariodelpais.com\\\/paiselectoral\\\/15-alcaldes-del-prm-pierden-procesos-internos-del-partido\\\/\"]}]},{\"@type\":\"ImageObject\",\"inLanguage\":\"es\",\"@id\":\"https:\\\/\\\/diariodelpais.com\\\/paiselectoral\\\/15-alcaldes-del-prm-pierden-procesos-internos-del-partido\\\/#primaryimage\",\"url\":\"https:\\\/\\\/diariodelpais.com\\\/paiselectoral\\\/wp-content\\\/uploads\\\/2023\\\/10\\\/portada-web-640-x-426-2023-10-11T101227.322-1.jpg\",\"contentUrl\":\"https:\\\/\\\/diariodelpais.com\\\/paiselectoral\\\/wp-content\\\/uploads\\\/2023\\\/10\\\/portada-web-640-x-426-2023-10-11T101227.322-1.jpg\",\"width\":640,\"height\":426,\"caption\":\"15 alcaldes del PRM pierden procesos internos del partido\"},{\"@type\":\"BreadcrumbList\",\"@id\":\"https:\\\/\\\/diariodelpais.com\\\/paiselectoral\\\/15-alcaldes-del-prm-pierden-procesos-internos-del-partido\\\/#breadcrumb\",\"itemListElement\":[{\"@type\":\"ListItem\",\"position\":1,\"name\":\"Portada\",\"item\":\"https:\\\/\\\/diariodelpais.com\\\/paiselectoral\\\/\"},{\"@type\":\"ListItem\",\"position\":2,\"name\":\"15 alcaldes del PRM pierden procesos internos del partido\"}]},{\"@type\":\"WebSite\",\"@id\":\"https:\\\/\\\/diariodelpais.com\\\/paiselectoral\\\/#website\",\"url\":\"https:\\\/\\\/diariodelpais.com\\\/paiselectoral\\\/\",\"name\":\"Pa\u00eds Electoral - Diario Del Pa\u00eds\",\"description\":\"Procesos electorales de la Rep. Dominicana\",\"publisher\":{\"@id\":\"https:\\\/\\\/diariodelpais.com\\\/paiselectoral\\\/#organization\"},\"alternateName\":\"Pa\u00eds Electoral\",\"potentialAction\":[{\"@type\":\"SearchAction\",\"target\":{\"@type\":\"EntryPoint\",\"urlTemplate\":\"https:\\\/\\\/diariodelpais.com\\\/paiselectoral\\\/?s={search_term_string}\"},\"query-input\":{\"@type\":\"PropertyValueSpecification\",\"valueRequired\":true,\"valueName\":\"search_term_string\"}}],\"inLanguage\":\"es\"},{\"@type\":[\"Organization\",\"Place\"],\"@id\":\"https:\\\/\\\/diariodelpais.com\\\/paiselectoral\\\/#organization\",\"name\":\"Diario Del Pa\u00eds\",\"url\":\"https:\\\/\\\/diariodelpais.com\\\/paiselectoral\\\/\",\"logo\":{\"@id\":\"https:\\\/\\\/diariodelpais.com\\\/paiselectoral\\\/15-alcaldes-del-prm-pierden-procesos-internos-del-partido\\\/#local-main-organization-logo\"},\"image\":{\"@id\":\"https:\\\/\\\/diariodelpais.com\\\/paiselectoral\\\/15-alcaldes-del-prm-pierden-procesos-internos-del-partido\\\/#local-main-organization-logo\"},\"sameAs\":[\"https:\\\/\\\/www.facebook.com\\\/DiariodelPaisrd\",\"https:\\\/\\\/x.com\\\/elpaiselectoral\",\"https:\\\/\\\/www.instagram.com\\\/diariodelpaisrd\\\/\"],\"openingHoursSpecification\":[{\"@type\":\"OpeningHoursSpecification\",\"dayOfWeek\":[\"Monday\",\"Tuesday\",\"Wednesday\",\"Thursday\",\"Friday\",\"Saturday\",\"Sunday\"],\"opens\":\"09:00\",\"closes\":\"17:00\"}]},{\"@type\":\"Person\",\"@id\":\"https:\\\/\\\/diariodelpais.com\\\/paiselectoral\\\/#\\\/schema\\\/person\\\/e7844cd89f1e67b3db9827287b49f008\",\"name\":\"Jes\u00fas Garc\u00eda\",\"image\":{\"@type\":\"ImageObject\",\"inLanguage\":\"es\",\"@id\":\"https:\\\/\\\/secure.gravatar.com\\\/avatar\\\/1fbc16e151b8fd87540aa51d8be2486afe8b60a0f1538881399e3b628e34409a?s=96&d=mm&r=g\",\"url\":\"https:\\\/\\\/secure.gravatar.com\\\/avatar\\\/1fbc16e151b8fd87540aa51d8be2486afe8b60a0f1538881399e3b628e34409a?s=96&d=mm&r=g\",\"contentUrl\":\"https:\\\/\\\/secure.gravatar.com\\\/avatar\\\/1fbc16e151b8fd87540aa51d8be2486afe8b60a0f1538881399e3b628e34409a?s=96&d=mm&r=g\",\"caption\":\"Jes\u00fas Garc\u00eda\"},\"url\":\"https:\\\/\\\/diariodelpais.com\\\/paiselectoral\\\/author\\\/jesus\\\/\"},{\"@type\":\"ImageObject\",\"inLanguage\":\"es\",\"@id\":\"https:\\\/\\\/diariodelpais.com\\\/paiselectoral\\\/15-alcaldes-del-prm-pierden-procesos-internos-del-partido\\\/#local-main-organization-logo\",\"url\":\"https:\\\/\\\/diariodelpais.com\\\/paiselectoral\\\/wp-content\\\/uploads\\\/2023\\\/07\\\/Pais-electoral.svg\",\"contentUrl\":\"https:\\\/\\\/diariodelpais.com\\\/paiselectoral\\\/wp-content\\\/uploads\\\/2023\\\/07\\\/Pais-electoral.svg\",\"caption\":\"Diario Del Pa\u00eds\"}]}<\/script>\n<!-- \/ Yoast SEO Premium plugin. -->","yoast_head_json":{"title":"15 alcaldes del PRM pierden procesos internos del partido - Pa&iacute;s Electoral","robots":{"index":"index","follow":"follow","max-snippet":"max-snippet:-1","max-image-preview":"max-image-preview:large","max-video-preview":"max-video-preview:-1"},"canonical":"https:\/\/diariodelpais.com\/paiselectoral\/15-alcaldes-del-prm-pierden-procesos-internos-del-partido\/","og_locale":"es_ES","og_type":"article","og_title":"15 alcaldes del PRM pierden procesos internos del partido","og_description":"En un giro sorprendente, alrededor de 15 alcaldes y directores distritales del gobernante Partido Revolucionario Moderno (PRM) han perdido sus procesos internos, tanto sometidos a evaluaciones de encuestas como por el voto de las bases. Estos resultados han dejado a los ediles en una posici\u00f3n precaria, ya que ni siquiera pudieron superar las pruebas dentro de su propia organizaci\u00f3n, a pesar de tener la ventaja del presupuesto municipal y el [&hellip;]","og_url":"https:\/\/diariodelpais.com\/paiselectoral\/15-alcaldes-del-prm-pierden-procesos-internos-del-partido\/","og_site_name":"Pa&iacute;s Electoral","article_publisher":"https:\/\/www.facebook.com\/DiariodelPaisrd","article_published_time":"2023-10-11T14:17:15+00:00","article_modified_time":"2023-10-11T14:17:16+00:00","og_image":[{"width":640,"height":426,"url":"https:\/\/diariodelpais.com\/paiselectoral\/wp-content\/uploads\/2023\/10\/portada-web-640-x-426-2023-10-11T101227.322-1.jpg","type":"image\/jpeg"}],"author":"Jes\u00fas Garc\u00eda","twitter_card":"summary_large_image","twitter_creator":"@elpaiselectoral","twitter_site":"@elpaiselectoral","twitter_misc":{"Escrito por":"Jes\u00fas Garc\u00eda","Tiempo de lectura":"3 minutos"},"schema":{"@context":"https:\/\/schema.org","@graph":[{"@type":"Article","@id":"https:\/\/diariodelpais.com\/paiselectoral\/15-alcaldes-del-prm-pierden-procesos-internos-del-partido\/#article","isPartOf":{"@id":"https:\/\/diariodelpais.com\/paiselectoral\/15-alcaldes-del-prm-pierden-procesos-internos-del-partido\/"},"author":{"name":"Jes\u00fas Garc\u00eda","@id":"https:\/\/diariodelpais.com\/paiselectoral\/#\/schema\/person\/e7844cd89f1e67b3db9827287b49f008"},"headline":"15 alcaldes del PRM pierden procesos internos del partido","datePublished":"2023-10-11T14:17:15+00:00","dateModified":"2023-10-11T14:17:16+00:00","mainEntityOfPage":{"@id":"https:\/\/diariodelpais.com\/paiselectoral\/15-alcaldes-del-prm-pierden-procesos-internos-del-partido\/"},"wordCount":506,"commentCount":0,"publisher":{"@id":"https:\/\/diariodelpais.com\/paiselectoral\/#organization"},"image":{"@id":"https:\/\/diariodelpais.com\/paiselectoral\/15-alcaldes-del-prm-pierden-procesos-internos-del-partido\/#primaryimage"},"thumbnailUrl":"https:\/\/diariodelpais.com\/paiselectoral\/wp-content\/uploads\/2023\/10\/portada-web-640-x-426-2023-10-11T101227.322-1.jpg","articleSection":["destacado"],"inLanguage":"es","potentialAction":[{"@type":"CommentAction","name":"Comment","target":["https:\/\/diariodelpais.com\/paiselectoral\/15-alcaldes-del-prm-pierden-procesos-internos-del-partido\/#respond"]}],"copyrightYear":"2023","copyrightHolder":{"@id":"https:\/\/diariodelpais.com\/paiselectoral\/#organization"}},{"@type":"WebPage","@id":"https:\/\/diariodelpais.com\/paiselectoral\/15-alcaldes-del-prm-pierden-procesos-internos-del-partido\/","url":"https:\/\/diariodelpais.com\/paiselectoral\/15-alcaldes-del-prm-pierden-procesos-internos-del-partido\/","name":"15 alcaldes del PRM pierden procesos internos del partido - Pa&iacute;s Electoral","isPartOf":{"@id":"https:\/\/diariodelpais.com\/paiselectoral\/#website"},"primaryImageOfPage":{"@id":"https:\/\/diariodelpais.com\/paiselectoral\/15-alcaldes-del-prm-pierden-procesos-internos-del-partido\/#primaryimage"},"image":{"@id":"https:\/\/diariodelpais.com\/paiselectoral\/15-alcaldes-del-prm-pierden-procesos-internos-del-partido\/#primaryimage"},"thumbnailUrl":"https:\/\/diariodelpais.com\/paiselectoral\/wp-content\/uploads\/2023\/10\/portada-web-640-x-426-2023-10-11T101227.322-1.jpg","datePublished":"2023-10-11T14:17:15+00:00","dateModified":"2023-10-11T14:17:16+00:00","breadcrumb":{"@id":"https:\/\/diariodelpais.com\/paiselectoral\/15-alcaldes-del-prm-pierden-procesos-internos-del-partido\/#breadcrumb"},"inLanguage":"es","potentialAction":[{"@type":"ReadAction","target":["https:\/\/diariodelpais.com\/paiselectoral\/15-alcaldes-del-prm-pierden-procesos-internos-del-partido\/"]}]},{"@type":"ImageObject","inLanguage":"es","@id":"https:\/\/diariodelpais.com\/paiselectoral\/15-alcaldes-del-prm-pierden-procesos-internos-del-partido\/#primaryimage","url":"https:\/\/diariodelpais.com\/paiselectoral\/wp-content\/uploads\/2023\/10\/portada-web-640-x-426-2023-10-11T101227.322-1.jpg","contentUrl":"https:\/\/diariodelpais.com\/paiselectoral\/wp-content\/uploads\/2023\/10\/portada-web-640-x-426-2023-10-11T101227.322-1.jpg","width":640,"height":426,"caption":"15 alcaldes del PRM pierden procesos internos del partido"},{"@type":"BreadcrumbList","@id":"https:\/\/diariodelpais.com\/paiselectoral\/15-alcaldes-del-prm-pierden-procesos-internos-del-partido\/#breadcrumb","itemListElement":[{"@type":"ListItem","position":1,"name":"Portada","item":"https:\/\/diariodelpais.com\/paiselectoral\/"},{"@type":"ListItem","position":2,"name":"15 alcaldes del PRM pierden procesos internos del partido"}]},{"@type":"WebSite","@id":"https:\/\/diariodelpais.com\/paiselectoral\/#website","url":"https:\/\/diariodelpais.com\/paiselectoral\/","name":"Pa\u00eds Electoral - Diario Del Pa\u00eds","description":"Procesos electorales de la Rep. Dominicana","publisher":{"@id":"https:\/\/diariodelpais.com\/paiselectoral\/#organization"},"alternateName":"Pa\u00eds Electoral","potentialAction":[{"@type":"SearchAction","target":{"@type":"EntryPoint","urlTemplate":"https:\/\/diariodelpais.com\/paiselectoral\/?s={search_term_string}"},"query-input":{"@type":"PropertyValueSpecification","valueRequired":true,"valueName":"search_term_string"}}],"inLanguage":"es"},{"@type":["Organization","Place"],"@id":"https:\/\/diariodelpais.com\/paiselectoral\/#organization","name":"Diario Del Pa\u00eds","url":"https:\/\/diariodelpais.com\/paiselectoral\/","logo":{"@id":"https:\/\/diariodelpais.com\/paiselectoral\/15-alcaldes-del-prm-pierden-procesos-internos-del-partido\/#local-main-organization-logo"},"image":{"@id":"https:\/\/diariodelpais.com\/paiselectoral\/15-alcaldes-del-prm-pierden-procesos-internos-del-partido\/#local-main-organization-logo"},"sameAs":["https:\/\/www.facebook.com\/DiariodelPaisrd","https:\/\/x.com\/elpaiselectoral","https:\/\/www.instagram.com\/diariodelpaisrd\/"],"openingHoursSpecification":[{"@type":"OpeningHoursSpecification","dayOfWeek":["Monday","Tuesday","Wednesday","Thursday","Friday","Saturday","Sunday"],"opens":"09:00","closes":"17:00"}]},{"@type":"Person","@id":"https:\/\/diariodelpais.com\/paiselectoral\/#\/schema\/person\/e7844cd89f1e67b3db9827287b49f008","name":"Jes\u00fas Garc\u00eda","image":{"@type":"ImageObject","inLanguage":"es","@id":"https:\/\/secure.gravatar.com\/avatar\/1fbc16e151b8fd87540aa51d8be2486afe8b60a0f1538881399e3b628e34409a?s=96&d=mm&r=g","url":"https:\/\/secure.gravatar.com\/avatar\/1fbc16e151b8fd87540aa51d8be2486afe8b60a0f1538881399e3b628e34409a?s=96&d=mm&r=g","contentUrl":"https:\/\/secure.gravatar.com\/avatar\/1fbc16e151b8fd87540aa51d8be2486afe8b60a0f1538881399e3b628e34409a?s=96&d=mm&r=g","caption":"Jes\u00fas Garc\u00eda"},"url":"https:\/\/diariodelpais.com\/paiselectoral\/author\/jesus\/"},{"@type":"ImageObject","inLanguage":"es","@id":"https:\/\/diariodelpais.com\/paiselectoral\/15-alcaldes-del-prm-pierden-procesos-internos-del-partido\/#local-main-organization-logo","url":"https:\/\/diariodelpais.com\/paiselectoral\/wp-content\/uploads\/2023\/07\/Pais-electoral.svg","contentUrl":"https:\/\/diariodelpais.com\/paiselectoral\/wp-content\/uploads\/2023\/07\/Pais-electoral.svg","caption":"Diario Del Pa\u00eds"}]}},"_links":{"self":[{"href":"https:\/\/diariodelpais.com\/paiselectoral\/wp-json\/wp\/v2\/posts\/1294","targetHints":{"allow":["GET"]}}],"collection":[{"href":"https:\/\/diariodelpais.com\/paiselectoral\/wp-json\/wp\/v2\/posts"}],"about":[{"href":"https:\/\/diariodelpais.com\/paiselectoral\/wp-json\/wp\/v2\/types\/post"}],"author":[{"embeddable":true,"href":"https:\/\/diariodelpais.com\/paiselectoral\/wp-json\/wp\/v2\/users\/4"}],"replies":[{"embeddable":true,"href":"https:\/\/diariodelpais.com\/paiselectoral\/wp-json\/wp\/v2\/comments?post=1294"}],"version-history":[{"count":1,"href":"https:\/\/diariodelpais.com\/paiselectoral\/wp-json\/wp\/v2\/posts\/1294\/revisions"}],"predecessor-version":[{"id":1297,"href":"https:\/\/diariodelpais.com\/paiselectoral\/wp-json\/wp\/v2\/posts\/1294\/revisions\/1297"}],"wp:featuredmedia":[{"embeddable":true,"href":"https:\/\/diariodelpais.com\/paiselectoral\/wp-json\/wp\/v2\/media\/1296"}],"wp:attachment":[{"href":"https:\/\/diariodelpais.com\/paiselectoral\/wp-json\/wp\/v2\/media?parent=1294"}],"wp:term":[{"taxonomy":"category","embeddable":true,"href":"https:\/\/diariodelpais.com\/paiselectoral\/wp-json\/wp\/v2\/categories?post=1294"},{"taxonomy":"post_tag","embeddable":true,"href":"https:\/\/diariodelpais.com\/paiselectoral\/wp-json\/wp\/v2\/tags?post=1294"},{"taxonomy":"provincia","embeddable":true,"href":"https:\/\/diariodelpais.com\/paiselectoral\/wp-json\/wp\/v2\/provincia?post=1294"}],"curies":[{"name":"wp","href":"https:\/\/api.w.org\/{rel}","templated":true}]}}